{"id":17633,"date":"2022-04-25T13:31:52","date_gmt":"2022-04-25T11:31:52","guid":{"rendered":"https:\/\/media-and-learning.eu\/?p=17633"},"modified":"2022-05-03T11:11:57","modified_gmt":"2022-05-03T09:11:57","slug":"31st-eurashe-conference-23-24-may-2022-hybrid","status":"publish","type":"post","link":"https:\/\/media-and-learning.eu\/type\/news\/31st-eurashe-conference-23-24-may-2022-hybrid\/","title":{"rendered":"31st EURASHE Conference 23-24 May 2022 hybrid"},"content":{"rendered":"\n<p>EURASHE will organise its 31st Annual Conference &#8221;Next Generation PHE: Skills relevance, Inclusion, Digitalisation, Innovation&#8221; as a hybrid event on 23-24 May 2022 in Brussels together with its members the \u00c9cole pratique des hautes \u00e9tudes commerciales (EPHEC) and the Academy for Research and Higher Education (ARES).<\/p>\n\n\n\n<p>The conference is divided into two days. First, on 23 May, the session will start with the speeches from Antoine Kassel and Luciana Vaccaro, followed by a complete programme of Panel discussions, Breakout sessions, and Good practices from all around Europe. On 24 May the agenda will follow with a speech from Victoria Kis and the next round of interactive discussions and different projects.<\/p>\n\n\n\n<p>In addition to the conference general programme, other activities are held to welcome participants, facilitate networking and explore the HE context in the Wallonia \u2013 Brussels Federation. This is a Pre-conference event on 22 May, a Gala dinner on 23 May and several Campus tours on 25 May.<\/p>\n\n\n\n<p>The EURASHE 31<sup>st<\/sup> Annual Conference will be the opportunity to connect with like-minded people from all around Europe while learning and discussing more trends, models, and inspiring practices for the future of higher education.<\/p>\n\n\n\n<p>Check the agenda and register <a href=\"https:\/\/www.eurashe.eu\/events\/annual-conference-2022\/?utm_source=eurashe\" data-type=\"URL\" data-id=\"https:\/\/www.eurashe.eu\/events\/annual-conference-2022\/?utm_source=eurashe\">here<\/a> (Registrations close 10 May). <\/p>\n","protected":false},"excerpt":{"rendered":"<p>EURASHE will organise its 31st Annual Conference &#8221;Next Generation PHE: Skills relevance, Inclusion, Digitalisation, Innovation&#8221; as a hybrid event on 23-24 May 2022 in Brussels together with its members the \u00c9cole pratique des hautes \u00e9tudes commerciales (EPHEC) and the Academy for Research and Higher Education (ARES). The conference is divided into two days. First, on [&hellip;]<\/p>\n","protected":false},"author":5,"featured_media":17642,"comment_status":"closed","ping_status":"open","sticky":false,"template":"","format":"standard","meta":{"_mo_disable_npp":"","footnotes":""},"categories":[5,275,276,2],"tags":[],"class_list":["post-17633","post","type-post","status-publish","format-standard","has-post-thumbnail","hentry","category-general-events","category-higher-education","category-lifelong-learning","category-news"],"featured_image_src":"https:\/\/media-and-learning.eu\/files\/2022\/04\/EURASHE31-1.png","author_info":{"display_name":"Chlo\u00eb P\u00e9t\u00e9","author_link":"https:\/\/media-and-learning.eu\/author\/chloe-pete\/"},"_links":{"self":[{"href":"https:\/\/media-and-learning.eu\/api-json\/wp\/v2\/posts\/17633","targetHints":{"allow":["GET"]}}],"collection":[{"href":"https:\/\/media-and-learning.eu\/api-json\/wp\/v2\/posts"}],"about":[{"href":"https:\/\/media-and-learning.eu\/api-json\/wp\/v2\/types\/post"}],"author":[{"embeddable":true,"href":"https:\/\/media-and-learning.eu\/api-json\/wp\/v2\/users\/5"}],"replies":[{"embeddable":true,"href":"https:\/\/media-and-learning.eu\/api-json\/wp\/v2\/comments?post=17633"}],"version-history":[{"count":2,"href":"https:\/\/media-and-learning.eu\/api-json\/wp\/v2\/posts\/17633\/revisions"}],"predecessor-version":[{"id":17700,"href":"https:\/\/media-and-learning.eu\/api-json\/wp\/v2\/posts\/17633\/revisions\/17700"}],"wp:featuredmedia":[{"embeddable":true,"href":"https:\/\/media-and-learning.eu\/api-json\/wp\/v2\/media\/17642"}],"wp:attachment":[{"href":"https:\/\/media-and-learning.eu\/api-json\/wp\/v2\/media?parent=17633"}],"wp:term":[{"taxonomy":"category","embeddable":true,"href":"https:\/\/media-and-learning.eu\/api-json\/wp\/v2\/categories?post=17633"},{"taxonomy":"post_tag","embeddable":true,"href":"https:\/\/media-and-learning.eu\/api-json\/wp\/v2\/tags?post=17633"}],"curies":[{"name":"wp","href":"https:\/\/api.w.org\/{rel}","templated":true}]}}