{"id":21798,"date":"2022-12-04T18:21:08","date_gmt":"2022-12-04T17:21:08","guid":{"rendered":"https:\/\/media-and-learning.eu\/?p=21798"},"modified":"2023-03-14T16:21:59","modified_gmt":"2023-03-14T15:21:59","slug":"edmo-expands-to-all-eu-member-states-with-six-new-hubs","status":"publish","type":"post","link":"https:\/\/media-and-learning.eu\/type\/news\/edmo-expands-to-all-eu-member-states-with-six-new-hubs\/","title":{"rendered":"EDMO expands to all EU Member States with six new hubs"},"content":{"rendered":"\n<p><strong>Following the&nbsp;<a rel=\"noreferrer noopener\" href=\"https:\/\/ec.europa.eu\/info\/funding-tenders\/opportunities\/portal\/screen\/opportunities\/topic-details\/digital-2021-trust-01-edmo;callCode=null;freeTextSearchKeyword=EDMO;matchWholeText=true;typeCodes=0,1,2;statusCodes=31094501,31094502,31094503;programmePeriod=null;programCcm2Id=43152860;programDivisionCode=null;focusAreaCode=null;destination=null;mission=null;geographicalZonesCode=null;programmeDivisionProspect=null;startDateLte=null;startDateGte=null;crossCuttingPriorityCode=null;cpvCode=null;performanceOfDelivery=null;sortQuery=sortStatus;orderBy=asc;onlyTenders=false;topicListKey=topicSearchTablePageState\" target=\"_blank\">second call for EDMO Hubs<\/a>, the European Commission has selected six new hubs that will become part of EDMO, strengthening the European ecosystem that works to fight disinformation.<\/strong><\/p>\n\n\n\n<p>With the six newly established EDMO hubs (joining the eight existing ones), the network will expand its coverage to all 27 EU Member States. The new hubs are an added value to the now well-established network of experts engaged to fight disinformation, bringing a unique potential to understand and act upon specific digital media vulnerabilities in the countries they cover. They should be operational by the beginning of 2023.<\/p>\n\n\n\n<p>The following projects have been selected: <\/p>\n\n\n\n<ul class=\"wp-block-list\">\n<li>LAKMUSZ \u2013 EDMO Hungarian hub against disinformation<\/li>\n\n\n\n<li>GADMO \u2013 German-Austrian Digital Media Observatory<\/li>\n\n\n\n<li>BROD \u2013 Bulgarian-Romanian Observatory of Digital Media<\/li>\n\n\n\n<li>MedDMO \u2013 Mediterranean Digital Media Observatory (covering Greece, Malta and Cyprus)<\/li>\n\n\n\n<li>ADMO \u2013 Adria Digital Media Observatory (covering Croatia and Slovenia)<\/li>\n\n\n\n<li>BECID \u2013 Baltic Engagement Centre for Combating Information Disorders (covering Estonia, Latvia and Lithuania)<\/li>\n<\/ul>\n\n\n<div class=\"wp-block-image\">\n<figure class=\"aligncenter size-full is-resized\"><img loading=\"lazy\" decoding=\"async\" src=\"https:\/\/media-and-learning.eu\/files\/2022\/12\/EDMO-Hubs-Map.webp\" alt=\"\" class=\"wp-image-21906\" width=\"466\" height=\"321\" srcset=\"https:\/\/media-and-learning.eu\/files\/2022\/12\/EDMO-Hubs-Map.webp 932w, https:\/\/media-and-learning.eu\/files\/2022\/12\/EDMO-Hubs-Map-300x206.webp 300w, https:\/\/media-and-learning.eu\/files\/2022\/12\/EDMO-Hubs-Map-768x528.webp 768w, https:\/\/media-and-learning.eu\/files\/2022\/12\/EDMO-Hubs-Map-370x254.webp 370w, https:\/\/media-and-learning.eu\/files\/2022\/12\/EDMO-Hubs-Map-270x186.webp 270w, https:\/\/media-and-learning.eu\/files\/2022\/12\/EDMO-Hubs-Map-435x300.webp 435w, https:\/\/media-and-learning.eu\/files\/2022\/12\/EDMO-Hubs-Map-570x392.webp 570w, https:\/\/media-and-learning.eu\/files\/2022\/12\/EDMO-Hubs-Map-740x509.webp 740w\" sizes=\"auto, (max-width: 466px) 100vw, 466px\" \/><\/figure>\n<\/div>\n\n\n<p>Check out the full list of <a href=\"https:\/\/edmo.eu\/edmo-hubs\/#1644246472877-6d37711d-2b3a\" target=\"_blank\" rel=\"noreferrer noopener\">EDMO Hubs<\/a> <\/p>\n\n\n\n<p>For more information and updates visit the European Digital Media Observatory (<a href=\"https:\/\/edmo.eu\/\" data-type=\"URL\" data-id=\"https:\/\/edmo.eu\/\" target=\"_blank\" rel=\"noreferrer noopener\">EDMO<\/a>)<\/p>\n","protected":false},"excerpt":{"rendered":"<p>Following the&nbsp;second call for EDMO Hubs, the European Commission has selected six new hubs that will become part of EDMO, strengthening the European ecosystem that works to fight disinformation. With the six newly established EDMO hubs (joining the eight existing ones), the network will expand its coverage to all 27 EU Member States. The new [&hellip;]<\/p>\n","protected":false},"author":5,"featured_media":21801,"comment_status":"closed","ping_status":"open","sticky":false,"template":"","format":"standard","meta":{"_mo_disable_npp":"","footnotes":""},"categories":[272,2],"tags":[],"class_list":["post-21798","post","type-post","status-publish","format-standard","has-post-thumbnail","hentry","category-media-literacy","category-news"],"featured_image_src":"https:\/\/media-and-learning.eu\/files\/2022\/11\/EDMO_postcards-last-version-2.webp","author_info":{"display_name":"Chlo\u00eb P\u00e9t\u00e9","author_link":"https:\/\/media-and-learning.eu\/author\/chloe-pete\/"},"_links":{"self":[{"href":"https:\/\/media-and-learning.eu\/api-json\/wp\/v2\/posts\/21798","targetHints":{"allow":["GET"]}}],"collection":[{"href":"https:\/\/media-and-learning.eu\/api-json\/wp\/v2\/posts"}],"about":[{"href":"https:\/\/media-and-learning.eu\/api-json\/wp\/v2\/types\/post"}],"author":[{"embeddable":true,"href":"https:\/\/media-and-learning.eu\/api-json\/wp\/v2\/users\/5"}],"replies":[{"embeddable":true,"href":"https:\/\/media-and-learning.eu\/api-json\/wp\/v2\/comments?post=21798"}],"version-history":[{"count":15,"href":"https:\/\/media-and-learning.eu\/api-json\/wp\/v2\/posts\/21798\/revisions"}],"predecessor-version":[{"id":23589,"href":"https:\/\/media-and-learning.eu\/api-json\/wp\/v2\/posts\/21798\/revisions\/23589"}],"wp:featuredmedia":[{"embeddable":true,"href":"https:\/\/media-and-learning.eu\/api-json\/wp\/v2\/media\/21801"}],"wp:attachment":[{"href":"https:\/\/media-and-learning.eu\/api-json\/wp\/v2\/media?parent=21798"}],"wp:term":[{"taxonomy":"category","embeddable":true,"href":"https:\/\/media-and-learning.eu\/api-json\/wp\/v2\/categories?post=21798"},{"taxonomy":"post_tag","embeddable":true,"href":"https:\/\/media-and-learning.eu\/api-json\/wp\/v2\/tags?post=21798"}],"curies":[{"name":"wp","href":"https:\/\/api.w.org\/{rel}","templated":true}]}}