{"id":24914,"date":"2023-06-05T16:53:40","date_gmt":"2023-06-05T14:53:40","guid":{"rendered":"https:\/\/media-and-learning.eu\/?p=24914"},"modified":"2023-06-05T16:53:43","modified_gmt":"2023-06-05T14:53:43","slug":"edmo-annual-conference-tackles-major-disinformation-issues","status":"publish","type":"post","link":"https:\/\/media-and-learning.eu\/type\/news\/edmo-annual-conference-tackles-major-disinformation-issues\/","title":{"rendered":"EDMO Annual Conference tackles major disinformation issues"},"content":{"rendered":"\n<p>The highly anticipated EDMO (European Digital Media Observatory) Annual Conference concluded triumphantly in Brussels on Thursday 25 May 2023. The event brought together media and policy practitioners, policymakers, academics, regulators, journalists and members of civil society to discuss pressing challenges in the digital media landscape and especially on online disinformation and devise effective strategies for the future.<\/p>\n\n\n\n<p>Different topics were covered such as Artificial Intelligence, European Regulations, Open Source Intelligence, the 2022 European Code of Practice, Independant fact-checking and others. <\/p>\n\n\n\n<p>A major highlight of the conference was the announcement of the task force dedicated to tackling disinformation in the upcoming 2024 European Parliament Elections. The new EDMO task force will assess the risks ahead of the elections, monitor disinformation and foreign interference campaigns, and connect with other stakeholders working towards similar goals.<\/p>\n\n\n\n<p>Additionally, the conference featured an enlightening presentation on research access to platforms&#8217; data and the introduction of a new working group to facillitate these efforts. Furthermore, a dedicated session on media literacy drew considerable attention. Speakers were invited in a open discussion to share their expereince in effective media literacy interventions. <\/p>\n\n\n\n<p>The EDMO Annual Conference concluded with wise words from the Vice President of the European Commission V\u011bra Jourov\u00e1 and closing remarks by Miguel Poiares Maduro, European University Institute, EDMO Executive Board.<\/p>\n\n\n<div id='gallery-1' class='gallery galleryid-24914 gallery-columns-3 gallery-size-gridlove-single'><figure class='gallery-item'>\n\t\t\t<div class='gallery-icon landscape'>\n\t\t\t\t<a class=\"gridlove-popup\" href='https:\/\/media-and-learning.eu\/files\/2023\/06\/EDMO2023-IMG_0428-L204.jpg'><img loading=\"lazy\" decoding=\"async\" width=\"740\" height=\"494\" src=\"https:\/\/media-and-learning.eu\/files\/2023\/06\/EDMO2023-IMG_0428-L204-740x494.jpg\" class=\"attachment-gridlove-single size-gridlove-single\" alt=\"\" srcset=\"https:\/\/media-and-learning.eu\/files\/2023\/06\/EDMO2023-IMG_0428-L204-740x494.jpg 740w, https:\/\/media-and-learning.eu\/files\/2023\/06\/EDMO2023-IMG_0428-L204-300x200.jpg 300w, https:\/\/media-and-learning.eu\/files\/2023\/06\/EDMO2023-IMG_0428-L204-1024x683.jpg 1024w, https:\/\/media-and-learning.eu\/files\/2023\/06\/EDMO2023-IMG_0428-L204-768x513.jpg 768w, https:\/\/media-and-learning.eu\/files\/2023\/06\/EDMO2023-IMG_0428-L204-370x247.jpg 370w, https:\/\/media-and-learning.eu\/files\/2023\/06\/EDMO2023-IMG_0428-L204-270x180.jpg 270w, https:\/\/media-and-learning.eu\/files\/2023\/06\/EDMO2023-IMG_0428-L204-570x380.jpg 570w, https:\/\/media-and-learning.eu\/files\/2023\/06\/EDMO2023-IMG_0428-L204.jpg 1500w\" sizes=\"auto, (max-width: 740px) 100vw, 740px\" \/><\/a>\n\t\t\t<\/div><\/figure><figure class='gallery-item'>\n\t\t\t<div class='gallery-icon landscape'>\n\t\t\t\t<a class=\"gridlove-popup\" href='https:\/\/media-and-learning.eu\/files\/2023\/06\/EDMO2023-IMG_0764-L299.jpg'><img loading=\"lazy\" decoding=\"async\" width=\"740\" height=\"494\" src=\"https:\/\/media-and-learning.eu\/files\/2023\/06\/EDMO2023-IMG_0764-L299-740x494.jpg\" class=\"attachment-gridlove-single size-gridlove-single\" alt=\"\" srcset=\"https:\/\/media-and-learning.eu\/files\/2023\/06\/EDMO2023-IMG_0764-L299-740x494.jpg 740w, https:\/\/media-and-learning.eu\/files\/2023\/06\/EDMO2023-IMG_0764-L299-300x200.jpg 300w, https:\/\/media-and-learning.eu\/files\/2023\/06\/EDMO2023-IMG_0764-L299-1024x683.jpg 1024w, https:\/\/media-and-learning.eu\/files\/2023\/06\/EDMO2023-IMG_0764-L299-768x512.jpg 768w, https:\/\/media-and-learning.eu\/files\/2023\/06\/EDMO2023-IMG_0764-L299-370x247.jpg 370w, https:\/\/media-and-learning.eu\/files\/2023\/06\/EDMO2023-IMG_0764-L299-270x180.jpg 270w, https:\/\/media-and-learning.eu\/files\/2023\/06\/EDMO2023-IMG_0764-L299-570x380.jpg 570w, https:\/\/media-and-learning.eu\/files\/2023\/06\/EDMO2023-IMG_0764-L299.jpg 1400w\" sizes=\"auto, (max-width: 740px) 100vw, 740px\" \/><\/a>\n\t\t\t<\/div><\/figure><figure class='gallery-item'>\n\t\t\t<div class='gallery-icon landscape'>\n\t\t\t\t<a class=\"gridlove-popup\" href='https:\/\/media-and-learning.eu\/files\/2023\/06\/EDMO2023-IMG_0368-L186.jpg'><img loading=\"lazy\" decoding=\"async\" width=\"740\" height=\"493\" src=\"https:\/\/media-and-learning.eu\/files\/2023\/06\/EDMO2023-IMG_0368-L186-740x493.jpg\" class=\"attachment-gridlove-single size-gridlove-single\" alt=\"\" srcset=\"https:\/\/media-and-learning.eu\/files\/2023\/06\/EDMO2023-IMG_0368-L186-740x493.jpg 740w, https:\/\/media-and-learning.eu\/files\/2023\/06\/EDMO2023-IMG_0368-L186-300x200.jpg 300w, https:\/\/media-and-learning.eu\/files\/2023\/06\/EDMO2023-IMG_0368-L186-1024x683.jpg 1024w, https:\/\/media-and-learning.eu\/files\/2023\/06\/EDMO2023-IMG_0368-L186-768x512.jpg 768w, https:\/\/media-and-learning.eu\/files\/2023\/06\/EDMO2023-IMG_0368-L186-370x247.jpg 370w, https:\/\/media-and-learning.eu\/files\/2023\/06\/EDMO2023-IMG_0368-L186-270x180.jpg 270w, https:\/\/media-and-learning.eu\/files\/2023\/06\/EDMO2023-IMG_0368-L186-570x380.jpg 570w, https:\/\/media-and-learning.eu\/files\/2023\/06\/EDMO2023-IMG_0368-L186.jpg 1200w\" sizes=\"auto, (max-width: 740px) 100vw, 740px\" \/><\/a>\n\t\t\t<\/div><\/figure>\n\t\t<\/div>\n","protected":false},"excerpt":{"rendered":"<p>The highly anticipated EDMO (European Digital Media Observatory) Annual Conference concluded triumphantly in Brussels on Thursday 25 May 2023. The event brought together media and policy practitioners, policymakers, academics, regulators, journalists and members of civil society to discuss pressing challenges in the digital media landscape and especially on online disinformation and devise effective strategies for [&hellip;]<\/p>\n","protected":false},"author":5,"featured_media":25064,"comment_status":"closed","ping_status":"open","sticky":false,"template":"","format":"standard","meta":{"_mo_disable_npp":"","footnotes":""},"categories":[272,2],"tags":[],"class_list":["post-24914","post","type-post","status-publish","format-standard","has-post-thumbnail","hentry","category-media-literacy","category-news"],"featured_image_src":"https:\/\/media-and-learning.eu\/files\/2023\/06\/EDMO2023-IMG_0007-L106.jpg","author_info":{"display_name":"Chlo\u00eb P\u00e9t\u00e9","author_link":"https:\/\/media-and-learning.eu\/author\/chloe-pete\/"},"_links":{"self":[{"href":"https:\/\/media-and-learning.eu\/api-json\/wp\/v2\/posts\/24914","targetHints":{"allow":["GET"]}}],"collection":[{"href":"https:\/\/media-and-learning.eu\/api-json\/wp\/v2\/posts"}],"about":[{"href":"https:\/\/media-and-learning.eu\/api-json\/wp\/v2\/types\/post"}],"author":[{"embeddable":true,"href":"https:\/\/media-and-learning.eu\/api-json\/wp\/v2\/users\/5"}],"replies":[{"embeddable":true,"href":"https:\/\/media-and-learning.eu\/api-json\/wp\/v2\/comments?post=24914"}],"version-history":[{"count":14,"href":"https:\/\/media-and-learning.eu\/api-json\/wp\/v2\/posts\/24914\/revisions"}],"predecessor-version":[{"id":25086,"href":"https:\/\/media-and-learning.eu\/api-json\/wp\/v2\/posts\/24914\/revisions\/25086"}],"wp:featuredmedia":[{"embeddable":true,"href":"https:\/\/media-and-learning.eu\/api-json\/wp\/v2\/media\/25064"}],"wp:attachment":[{"href":"https:\/\/media-and-learning.eu\/api-json\/wp\/v2\/media?parent=24914"}],"wp:term":[{"taxonomy":"category","embeddable":true,"href":"https:\/\/media-and-learning.eu\/api-json\/wp\/v2\/categories?post=24914"},{"taxonomy":"post_tag","embeddable":true,"href":"https:\/\/media-and-learning.eu\/api-json\/wp\/v2\/tags?post=24914"}],"curies":[{"name":"wp","href":"https:\/\/api.w.org\/{rel}","templated":true}]}}