{"id":34654,"date":"2024-08-02T12:07:58","date_gmt":"2024-08-02T10:07:58","guid":{"rendered":"https:\/\/media-and-learning.eu\/?p=34654"},"modified":"2024-08-02T12:08:00","modified_gmt":"2024-08-02T10:08:00","slug":"10th-ecrea-conference-ljubljana-slovenia-24-27-september-2024","status":"publish","type":"post","link":"https:\/\/media-and-learning.eu\/subject\/media-literacy\/10th-ecrea-conference-ljubljana-slovenia-24-27-september-2024\/","title":{"rendered":"10th ECREA Conference,  Ljubljana, Slovenia,  24 &#8211; 27 September 2024"},"content":{"rendered":"<div class=\"wp-block-image\">\n<figure class=\"alignleft size-full is-resized\"><img loading=\"lazy\" decoding=\"async\" width=\"496\" height=\"705\" src=\"https:\/\/media-and-learning.eu\/files\/2024\/08\/ECREA_2024_logotip.jpg\" alt=\"\" class=\"wp-image-34662\" style=\"width:196px;height:auto\" srcset=\"https:\/\/media-and-learning.eu\/files\/2024\/08\/ECREA_2024_logotip.jpg 496w, https:\/\/media-and-learning.eu\/files\/2024\/08\/ECREA_2024_logotip-211x300.jpg 211w, https:\/\/media-and-learning.eu\/files\/2024\/08\/ECREA_2024_logotip-370x526.jpg 370w, https:\/\/media-and-learning.eu\/files\/2024\/08\/ECREA_2024_logotip-270x384.jpg 270w\" sizes=\"auto, (max-width: 496px) 100vw, 496px\" \/><\/figure>\n<\/div>\n\n\n<p>The European Communication Research and Education Association (ECREA), the Faculty of Social Sciences of the University of Ljubljana (UL FDV), and the Slovene Communication Association will host the 10th European Communication Conference (ECC) in Ljubljana (Slovenia) from 23 to 27 September 2024. under the title \u2018<a href=\"https:\/\/ecrea2024ljubljana.eu\/conference-theme\/\" target=\"_blank\" rel=\"noreferrer noopener\">Communication &amp; social (dis)order<\/a>\u2018. <\/p>\n\n\n\n<p>The ECC 2024 conference invites participants to explore the role of media and communication in today&#8217;s globalized society, which is profoundly impacted by social and political conflicts, systemic capitalist crises, environmental degradation, More details via the\u00a0<a href=\"https:\/\/ecrea2024ljubljana.eu\/\" target=\"_blank\" rel=\"noreferrer noopener\">conference website<\/a>\u00a0where you can find all the details regarding the\u00a0conference fees and payments\u00a0and\u00a0registration guidelines.\u00a0<\/p>\n","protected":false},"excerpt":{"rendered":"<p>The European Communication Research and Education Association (ECREA), the Faculty of Social Sciences of the University of Ljubljana (UL FDV), and the Slovene Communication Association will host the 10th European Communication Conference (ECC) in Ljubljana (Slovenia) from 23 to 27 September 2024. under the title \u2018Communication &amp; social (dis)order\u2018. The ECC 2024 conference invites participants [&hellip;]<\/p>\n","protected":false},"author":5,"featured_media":34675,"comment_status":"closed","ping_status":"closed","sticky":false,"template":"","format":"standard","meta":{"_mo_disable_npp":"","footnotes":""},"categories":[272,2],"tags":[],"class_list":["post-34654","post","type-post","status-publish","format-standard","has-post-thumbnail","hentry","category-media-literacy","category-news"],"featured_image_src":"https:\/\/media-and-learning.eu\/files\/2024\/08\/bigstock-197672620-scaled.jpg","author_info":{"display_name":"Chlo\u00eb P\u00e9t\u00e9","author_link":"https:\/\/media-and-learning.eu\/author\/chloe-pete\/"},"_links":{"self":[{"href":"https:\/\/media-and-learning.eu\/api-json\/wp\/v2\/posts\/34654","targetHints":{"allow":["GET"]}}],"collection":[{"href":"https:\/\/media-and-learning.eu\/api-json\/wp\/v2\/posts"}],"about":[{"href":"https:\/\/media-and-learning.eu\/api-json\/wp\/v2\/types\/post"}],"author":[{"embeddable":true,"href":"https:\/\/media-and-learning.eu\/api-json\/wp\/v2\/users\/5"}],"replies":[{"embeddable":true,"href":"https:\/\/media-and-learning.eu\/api-json\/wp\/v2\/comments?post=34654"}],"version-history":[{"count":9,"href":"https:\/\/media-and-learning.eu\/api-json\/wp\/v2\/posts\/34654\/revisions"}],"predecessor-version":[{"id":34696,"href":"https:\/\/media-and-learning.eu\/api-json\/wp\/v2\/posts\/34654\/revisions\/34696"}],"wp:featuredmedia":[{"embeddable":true,"href":"https:\/\/media-and-learning.eu\/api-json\/wp\/v2\/media\/34675"}],"wp:attachment":[{"href":"https:\/\/media-and-learning.eu\/api-json\/wp\/v2\/media?parent=34654"}],"wp:term":[{"taxonomy":"category","embeddable":true,"href":"https:\/\/media-and-learning.eu\/api-json\/wp\/v2\/categories?post=34654"},{"taxonomy":"post_tag","embeddable":true,"href":"https:\/\/media-and-learning.eu\/api-json\/wp\/v2\/tags?post=34654"}],"curies":[{"name":"wp","href":"https:\/\/api.w.org\/{rel}","templated":true}]}}