{"id":35599,"date":"2024-09-30T11:41:35","date_gmt":"2024-09-30T09:41:35","guid":{"rendered":"https:\/\/media-and-learning.eu\/?p=35599"},"modified":"2024-10-01T08:36:24","modified_gmt":"2024-10-01T06:36:24","slug":"macedonian-youngsters-know-about-critical-thinking-and-internet-safety-but-do-they-apply-what-they-know","status":"publish","type":"post","link":"https:\/\/media-and-learning.eu\/subject\/media-literacy\/macedonian-youngsters-know-about-critical-thinking-and-internet-safety-but-do-they-apply-what-they-know\/","title":{"rendered":"Macedonian youngsters know about critical thinking and internet safety but do they apply what they know?"},"content":{"rendered":"\n<p>by <strong>Emilija Petreska-Kamenjarova, <\/strong>Agency for Audio and Audiovisual Media Services, Republic of North Macedonia. <\/p>\n\n\n\n<p>I believe that nowadays it is a common place knowledge that the reality of the younger generation is completely different from what it meant for us &#8211; generations who witnessed the rise of the Internet into an ever-present necessity of day-to-day life. For my generation, buying the first PC and setting up the first e-mail address were life changing experiences. While young people were born with the desktop being just another home appliance, the laptop was their elders everyday tool and the mobile phone \u2013 an extension of their parent\u2019s hand.<\/p>\n\n\n\n<p>It was against this backdrop that we at the Macedonian media regulatory body \u2013 <a href=\"https:\/\/avmu.mk\/en\/home-en\/\" target=\"_blank\" rel=\"noreferrer noopener\">Agency for Audio and Audiovisual Media Services<\/a>, took upon ourselves the task to obtain a more in-depth understanding of the media literacy level of students in the first and second year of secondary school (ages 14 to 17).<\/p>\n\n\n\n<p>This kind of a nation-wide study needed to be conducted in cooperation since its aim was to provide representative data for the ongoing reform through which media literacy is being introduced in secondary education. It was therefore carried out in cooperation with the USAID media literacy project <a href=\"https:\/\/www.irex.org\/project\/youthink-media-literacy-north-macedonia\" target=\"_blank\" rel=\"noreferrer noopener\">\u201cYouThink\u201d<\/a>, which supports this reform, and is implemented by <a href=\"https:\/\/www.irex.org\/\" target=\"_blank\" rel=\"noreferrer noopener\">IREX<\/a>, <a href=\"https:\/\/mim.org.mk\/en\/\" target=\"_blank\" rel=\"noreferrer noopener\">Macedonian Institute for the Media<\/a>, <a href=\"\/Users\/e.petreska\/AppData\/Local\/Microsoft\/Windows\/INetCache\/Content.Outlook\/DGNBF8LW\/Institute%20of%20Communication\" target=\"_blank\" rel=\"noreferrer noopener\">Institute of Communication Studies<\/a> and <a href=\"https:\/\/mof.mk\/en\/\" target=\"_blank\" rel=\"noreferrer noopener\">Youth Educational Forum<\/a>. The <a href=\"https:\/\/mon.gov.mk\/en\/\" target=\"_blank\" rel=\"noreferrer noopener\">Ministry of Education and Science<\/a> provided gender segregated data on the total number of students in both gymnasiums and vocational secondary schools in the country, and allowed for the interviews to be carried out in the schools.<\/p>\n\n\n\n<p>We learned how these young people use traditional and social media, Internet and mobile phone, their gaming habits, content and information recognition, their knowledge on safety in online sphere and their critical thinking skills. Results were published in the \u201cResearch on Media Literacy Among First and Second Year Students in Secondary Education\u201d available in <a href=\"https:\/\/mediumskapismenost.mk\/wp-content\/uploads\/2024\/06\/IZVESHTAJ-Mediumska-pismenost-I-i-II-god-sredno-ZA-WEB.pdf\" target=\"_blank\" rel=\"noreferrer noopener\">Macedonian<\/a>, <a href=\"https:\/\/mediumskapismenost.mk\/wp-content\/uploads\/2024\/06\/Research-on-Media-Literacy-among-first-and-second-year-students-in-secondary-education.pdf\" target=\"_blank\" rel=\"noreferrer noopener\">English<\/a> and <a href=\"https:\/\/mediumskapismenost.mk\/wp-content\/uploads\/2024\/06\/IZVESHTAJ-Mediumska-pismenost-I-i-II-god-sredno-ALB-za-CIP.pdf\" target=\"_blank\" rel=\"noreferrer noopener\">Albanian<\/a>. It would be impossible to give an overview of all the findings and do them justice so this text highlights just some of the data regarding critical thinking.<\/p>\n\n\n\n<figure class=\"wp-block-image size-large\"><img loading=\"lazy\" decoding=\"async\" width=\"888\" height=\"1024\" src=\"https:\/\/media-and-learning.eu\/files\/2024\/09\/Research-888x1024.png\" alt=\"\" class=\"wp-image-35604\" srcset=\"https:\/\/media-and-learning.eu\/files\/2024\/09\/Research-888x1024.png 888w, https:\/\/media-and-learning.eu\/files\/2024\/09\/Research-260x300.png 260w, https:\/\/media-and-learning.eu\/files\/2024\/09\/Research-768x885.png 768w, https:\/\/media-and-learning.eu\/files\/2024\/09\/Research-370x426.png 370w, https:\/\/media-and-learning.eu\/files\/2024\/09\/Research-270x311.png 270w, https:\/\/media-and-learning.eu\/files\/2024\/09\/Research-570x657.png 570w, https:\/\/media-and-learning.eu\/files\/2024\/09\/Research-740x853.png 740w, https:\/\/media-and-learning.eu\/files\/2024\/09\/Research-600x692.png 600w, https:\/\/media-and-learning.eu\/files\/2024\/09\/Research.png 937w\" sizes=\"auto, (max-width: 888px) 100vw, 888px\" \/><\/figure>\n\n\n\n<p>More than half (53.2%) of the students recognized the headline \u201cSHOCKING: Look what was happening yesterday in Skopje&#8230; be prepared!\u201d (VIDEO)\u201d as clickbait; slightly over one-fifth considered it as objective informing, while 17,2% didn\u2019t know what it was. The headline \u201cFans protested in Skopje before the football match: Let\u2019s kill the \u201cdogs\u201d!\u201d was recognized as hate speech by 58.3% of the students. However, a point of concern and planning for future activities is the finding that a total of 41.7% did not recognize it (some thought it was sports reporting, some fake news and some were not sure). When deciphering facts from opinions, they most often recognized historical and scientific facts (World War II ended in 1945 &#8211; 55.2%; Earth is the third planet from the Sun &#8211; 47.9%). However, 35.6% of the students thought that the opinion \u201cDog is the man\u2019s best friend\u201d was a fact.<\/p>\n\n\n\n<p>More than half of the students (57.2%) knew that their feed showed them posts of people they liked and commented on, about a third thought it resulted from the more extensive activity of others on social media, while 10.1% assumed others were not their friends anymore\/stopped following them. If their friend sent them link stating: \u201cWow, I could never imagine you could do this. There are even photos.\u201d 68.2% would check with their friend before clicking, 10.4% would put a sticker over the camera on the laptop\/phone, and 13.6% would think it was a joke and click out of curiosity.<\/p>\n\n\n\n<p>Another concern was raised by the fact that almost all students (96.3%) were not familiar with techniques\/tools for verifying the origin of a photo on Internet. Just 3.7% knew of such tools, most often naming Google Lense or Google Images.<\/p>\n\n\n\n<p>If they suddenly noticed a lot of photos of older people in their social media feeds and realized their friends used FaceApp, the largest majority (87.2%) would first check what data the application would access and think whether to install it. Only a total of 12.8% would consider there was no danger (some would allow access without concern, some even without thinking). A high level of awareness, one would think. But a cross-reference of these data with other results showed discrepancy. For example, almost half of the students (47.9%) stated that they read the Terms of Use before registering on social media or applications, but a total of 52.1% didn\u2019t do that (37.3% didn\u2019t have time for it, and 14.8% wouldn\u2019t waste their time, because they couldn\u2019t change the Terms).<\/p>\n\n\n\n<p>This points to the \u201csocially desirable responding\u201d &#8211; students know what they should do, but in practice they act differently. And this is not unusual since, as <a href=\"http:\/\/fzf.ukim.edu.mk\/en\/ana-frichand-phd\/\" target=\"_blank\" rel=\"noreferrer noopener\">Ana Frichand<\/a> (Doctor of Psychology tasked with interpreting the study\u2019s data) pointed out &#8211; \u201dit is not atypical for adolescents to fall under peer pressure and show inconsistent behaviour\u2026 [since] the brain development is more attuned to social support than to long-term behavioural consequences\u2026 [so] the period of middle adolescence has a great potential for the development of critical thinking through appropriately chosen activities\u201c.<\/p>\n\n\n\n<h4 class=\"wp-block-heading\">Author<\/h4>\n\n\n\n<p><strong>Emilija Petreska-Kamenjarova, <\/strong>Assistant Head of Programme Affairs Department, Agency for Audio and Audiovisual Media Services, Republic of North Macedonia.<\/p>\n","protected":false},"excerpt":{"rendered":"<p>by Emilija Petreska-Kamenjarova, Agency for Audio and Audiovisual Media Services, Republic of North Macedonia. I believe that nowadays it is a common place knowledge that the reality of the younger generation is completely different from what it meant for us &#8211; generations who witnessed the rise of the Internet into an ever-present necessity of day-to-day [&hellip;]<\/p>\n","protected":false},"author":5,"featured_media":35600,"comment_status":"closed","ping_status":"closed","sticky":false,"template":"","format":"standard","meta":{"_mo_disable_npp":"","footnotes":""},"categories":[4,272,274],"tags":[],"class_list":["post-35599","post","type-post","status-publish","format-standard","has-post-thumbnail","hentry","category-featured-articles","category-media-literacy","category-primary-secondary-education"],"featured_image_src":"https:\/\/media-and-learning.eu\/files\/2024\/09\/bigstock-178141852.jpg","author_info":{"display_name":"Chlo\u00eb P\u00e9t\u00e9","author_link":"https:\/\/media-and-learning.eu\/author\/chloe-pete\/"},"_links":{"self":[{"href":"https:\/\/media-and-learning.eu\/api-json\/wp\/v2\/posts\/35599","targetHints":{"allow":["GET"]}}],"collection":[{"href":"https:\/\/media-and-learning.eu\/api-json\/wp\/v2\/posts"}],"about":[{"href":"https:\/\/media-and-learning.eu\/api-json\/wp\/v2\/types\/post"}],"author":[{"embeddable":true,"href":"https:\/\/media-and-learning.eu\/api-json\/wp\/v2\/users\/5"}],"replies":[{"embeddable":true,"href":"https:\/\/media-and-learning.eu\/api-json\/wp\/v2\/comments?post=35599"}],"version-history":[{"count":11,"href":"https:\/\/media-and-learning.eu\/api-json\/wp\/v2\/posts\/35599\/revisions"}],"predecessor-version":[{"id":35634,"href":"https:\/\/media-and-learning.eu\/api-json\/wp\/v2\/posts\/35599\/revisions\/35634"}],"wp:featuredmedia":[{"embeddable":true,"href":"https:\/\/media-and-learning.eu\/api-json\/wp\/v2\/media\/35600"}],"wp:attachment":[{"href":"https:\/\/media-and-learning.eu\/api-json\/wp\/v2\/media?parent=35599"}],"wp:term":[{"taxonomy":"category","embeddable":true,"href":"https:\/\/media-and-learning.eu\/api-json\/wp\/v2\/categories?post=35599"},{"taxonomy":"post_tag","embeddable":true,"href":"https:\/\/media-and-learning.eu\/api-json\/wp\/v2\/tags?post=35599"}],"curies":[{"name":"wp","href":"https:\/\/api.w.org\/{rel}","templated":true}]}}