{"id":36596,"date":"2024-12-06T09:59:21","date_gmt":"2024-12-06T08:59:21","guid":{"rendered":"https:\/\/media-and-learning.eu\/?p=36596"},"modified":"2024-12-06T09:59:23","modified_gmt":"2024-12-06T08:59:23","slug":"young-people-in-portugal-understanding-algorithms-and-their-relationship-with-television","status":"publish","type":"post","link":"https:\/\/media-and-learning.eu\/subject\/media-literacy\/young-people-in-portugal-understanding-algorithms-and-their-relationship-with-television\/","title":{"rendered":"Young people in Portugal: understanding algorithms and their relationship with television"},"content":{"rendered":"<p>by\u00a0<strong>Margarida Maneta<\/strong>\u00a0and\u00a0<strong>Mariana Muller<\/strong>, Lus\u00f3fona University, CICANT, Portugal.<\/p>\n<p>How much do young people aged 15 to 24 in Portugal know about algorithms? How do they acquire this knowledge? What about traditional media, such as television? How do young people in Portugal in this age group engage with television, and what role does it play in their media routines? These questions are explored in two new publications from the YouNDigital project, based at Lus\u00f3fona University\/CICANT (Portugal).<\/p>\n<p>The <a href=\"https:\/\/www.cogitatiopress.com\/mediaandcommunication\/article\/view\/8272\" target=\"_blank\" rel=\"noreferrer noopener\">article<\/a> <strong><em>\u201cYoung People Learning About Algorithms: Five Profiles Spanning From Ineptitude to Enchantment\u201d<\/em><\/strong>, published in the journal Media and Communication, was authored by researchers Maria Jos\u00e9 Brites, Teresa Sofia Castro, Mariana S. M\u00fcller, and Margarida Maneta. The study identifies five profiles of young people based on their understanding and ways of learning about algorithms.<\/p>\n<p>The analysis highlights strategies young people (15-24) use to navigate the influence of algorithms, with a notable emphasis on learning within various close proximity contexts. Many young people reported self-learning through social media platforms, particularly TikTok and Instagram, or gaining knowledge from family and peers. In contrast, few participants identified schools as a source of learning, which were almost absent as educational environments for this topic.<\/p>\n<p>The researchers argue that this gap underscores the need for a more structured and institutionalised approach to algorithm literacy.<\/p>\n<figure class=\"wp-block-image size-large\"><img loading=\"lazy\" decoding=\"async\" width=\"1024\" height=\"584\" class=\"wp-image-36620\" src=\"https:\/\/media-and-learning.eu\/files\/2024\/12\/Screenshot-2024-12-04-171650-1024x584.png\" alt=\"\" srcset=\"https:\/\/media-and-learning.eu\/files\/2024\/12\/Screenshot-2024-12-04-171650-1024x584.png 1024w, https:\/\/media-and-learning.eu\/files\/2024\/12\/Screenshot-2024-12-04-171650-300x171.png 300w, https:\/\/media-and-learning.eu\/files\/2024\/12\/Screenshot-2024-12-04-171650-768x438.png 768w, https:\/\/media-and-learning.eu\/files\/2024\/12\/Screenshot-2024-12-04-171650-370x211.png 370w, https:\/\/media-and-learning.eu\/files\/2024\/12\/Screenshot-2024-12-04-171650-270x154.png 270w, https:\/\/media-and-learning.eu\/files\/2024\/12\/Screenshot-2024-12-04-171650-570x325.png 570w, https:\/\/media-and-learning.eu\/files\/2024\/12\/Screenshot-2024-12-04-171650-740x422.png 740w, https:\/\/media-and-learning.eu\/files\/2024\/12\/Screenshot-2024-12-04-171650-600x342.png 600w, https:\/\/media-and-learning.eu\/files\/2024\/12\/Screenshot-2024-12-04-171650.png 1152w\" sizes=\"auto, (max-width: 1024px) 100vw, 1024px\" \/><figcaption class=\"wp-element-caption\">Figure 1. The Q\u2010sort\u2010inspired initial exercise, with prefilled cards with war, digital influencer, and TV journalist. Note: An original version of the figure was shown to interviewees in Portuguese.<\/figcaption><\/figure>\n<p>The <a href=\"https:\/\/impactum-journals.uc.pt\/mj\/article\/view\/14197\" data-wplink-edit=\"true\">article<\/a> <strong><em>\u201cBeyond News Consumption: Television&#8217;s Role Among Younger Audiences in Portugal\u201d<\/em><\/strong>, authored by Mariana S. M\u00fcller, was published in the journal Media &amp; Jornalismo. This study presents a qualitative analysis that categorizes young people (15-24) into distinct profiles based on their relationship with television.<\/p>\n<p>The findings reveal a complex media landscape where television remains relevant but with transformed roles\u2014shifting from a traditional news source to a platform for streaming content. The study demonstrates that young audiences\u2019 engagement with television is influenced by family dynamics, educational backgrounds, and an increasing preference for digital platforms. This shift reflects a move towards more personalized and interactive forms of media consumption. This article is part of a <a href=\"https:\/\/impactum-journals.uc.pt\/mj\/issue\/view\/830\" target=\"_blank\" rel=\"noreferrer noopener\">special issue<\/a> of the journal Media &amp; Jornalismo, titled <em>Young People\u2019s Perspectives on the World Around Them and Contexts of Digital Citizenship<\/em>, edited by Maria Jos\u00e9 Brites, Teresa Sofia Castro, and Paloma Contreras-Pulido. The issue brings together articles from diverse regions, exploring youth and digital citizenship.<\/p>\n<p><strong>Both papers are available in open access:<\/strong><\/p>\n<p><em>\u201cYoung People Learning About Algorithms: Five Profiles Spanning From Ineptitude to Enchantment\u201d<\/em> <a href=\"https:\/\/www.cogitatiopress.com\/mediaandcommunication\/article\/view\/8272\" target=\"_blank\" rel=\"noreferrer noopener\"><strong>+info<\/strong><\/a><\/p>\n<p><em>\u201cBeyond News Consumption: Television&#8217;s Role Among Younger Audiences in Portugal\u201d<\/em> <a href=\"https:\/\/impactum-journals.uc.pt\/mj\/article\/view\/14197\" target=\"_blank\" rel=\"noreferrer noopener\"><strong>+info<\/strong><\/a><\/p>\n<p>The <a href=\"https:\/\/app.youndigital.pt\/\" target=\"_blank\" rel=\"noreferrer noopener\">YouNDigital newsroom<\/a> aims to promote the participatory action of young people, committed to an active, critical, and responsible civic attitude. It is open to the participation of young people from all over the world, recognizing that diversity can enhance intercultural dialogue and the sharing of diverse viewpoints. <a href=\"https:\/\/app.youndigital.pt\/\" target=\"_blank\" rel=\"noreferrer noopener\">+info<\/a><\/p>\n<p>This year the YouNDigital project has released a public online <a href=\"https:\/\/www.zotero.org\/groups\/5106692\/youth_and_news_publications_2000-\" target=\"_blank\" rel=\"noreferrer noopener\">database<\/a> focused on youth, news and digital citizenship that comprises literature from the beginning of the 21st century. Our database is always open to contributions, you can do it <a href=\"https:\/\/docs.google.com\/forms\/d\/e\/1FAIpQLSdcnF3GYcKLMi7wifMlUQLWUun4X7kOZcB43tNGWuBfB_w2xQ\/viewform\" target=\"_blank\" rel=\"noreferrer noopener\">here<\/a>. We also invite you to subscribe to our <a href=\"https:\/\/youndigital.us21.list-manage.com\/subscribe?u=dcd90f7a45b6006081165457e&amp;id=783c6ffb2b\" target=\"_blank\" rel=\"noreferrer noopener\">newsletter<\/a> to keep updated with all the latest news.<\/p>\n<figure class=\"wp-block-image size-full is-resized\"><img loading=\"lazy\" decoding=\"async\" width=\"790\" height=\"832\" class=\"wp-image-36623\" style=\"width: 432px; height: auto;\" src=\"https:\/\/media-and-learning.eu\/files\/2024\/12\/image-3.png\" alt=\"\" srcset=\"https:\/\/media-and-learning.eu\/files\/2024\/12\/image-3.png 790w, https:\/\/media-and-learning.eu\/files\/2024\/12\/image-3-285x300.png 285w, https:\/\/media-and-learning.eu\/files\/2024\/12\/image-3-768x809.png 768w, https:\/\/media-and-learning.eu\/files\/2024\/12\/image-3-370x390.png 370w, https:\/\/media-and-learning.eu\/files\/2024\/12\/image-3-270x284.png 270w, https:\/\/media-and-learning.eu\/files\/2024\/12\/image-3-570x600.png 570w, https:\/\/media-and-learning.eu\/files\/2024\/12\/image-3-740x779.png 740w, https:\/\/media-and-learning.eu\/files\/2024\/12\/image-3-600x632.png 600w\" sizes=\"auto, (max-width: 790px) 100vw, 790px\" \/><figcaption class=\"wp-element-caption\">Database<\/figcaption><\/figure>\n<p><a href=\"https:\/\/youndigital.com\/\" target=\"_blank\" rel=\"noreferrer noopener\">YouNDigital &#8211; Youth, News and Citizenship<\/a> (DOI 10.54499\/PTDC\/COM-OUT\/0243\/2021) is a research project based in Lus\u00f3fona University, CICANT, Portugal, and funded by The Foundation for Science and Technology (FCT). The initiative is pioneering studying the link between young people, news, and their digital citizenship, seeking to understand these fluid dynamics in a society challenged by algorithms, and facilitating training in the area. The project is coordinated by Maria Jos\u00e9 Brites (CICANT, Lus\u00f3fona University) and Teresa Sofia Castro (CICANT, Lus\u00f3fona University).<\/p>\n<h4 class=\"wp-block-heading\">Authors<\/h4>\n<div class=\"wp-block-media-text alignwide is-stacked-on-mobile\" style=\"grid-template-columns: 24% auto;\">\n<figure class=\"wp-block-media-text__media\"><img loading=\"lazy\" decoding=\"async\" width=\"240\" height=\"248\" class=\"wp-image-25641 size-full\" src=\"https:\/\/media-and-learning.eu\/files\/2023\/07\/Screenshot-2023-07-04-161321.png\" alt=\"\" \/><\/figure>\n<div class=\"wp-block-media-text__content\">\n<p><strong>Margarida Maneta<\/strong>, Research Team, Lus\u00f3fona University, CICANT, Portugal.<\/p>\n<\/div>\n<\/div>\n<div class=\"wp-block-media-text alignwide is-stacked-on-mobile\" style=\"grid-template-columns: 24% auto;\">\n<figure class=\"wp-block-media-text__media\"><img loading=\"lazy\" decoding=\"async\" width=\"242\" height=\"248\" class=\"wp-image-25642 size-full\" src=\"https:\/\/media-and-learning.eu\/files\/2023\/07\/Screenshot-2023-07-04-161354.png\" alt=\"\" \/><\/figure>\n<div class=\"wp-block-media-text__content\">\n<p><strong>Mariana Muller<\/strong>, Research Team, Lus\u00f3fona University, CICANT, Portugal<\/p>\n<\/div>\n<\/div>\n","protected":false},"excerpt":{"rendered":"<p>by\u00a0Margarida Maneta\u00a0and\u00a0Mariana Muller, Lus\u00f3fona University, CICANT, Portugal. How much do young people aged 15 to 24 in Portugal know about algorithms? How do they acquire this knowledge? What about traditional media, such as television? How do young people in Portugal in this age group engage with television, and what role does it play in their [&hellip;]<\/p>\n","protected":false},"author":5,"featured_media":36619,"comment_status":"closed","ping_status":"closed","sticky":false,"template":"","format":"standard","meta":{"_mo_disable_npp":"","footnotes":""},"categories":[4,272],"tags":[],"class_list":["post-36596","post","type-post","status-publish","format-standard","has-post-thumbnail","hentry","category-featured-articles","category-media-literacy"],"featured_image_src":"https:\/\/media-and-learning.eu\/files\/2024\/12\/understanding-algorithms-with-television.jpg","author_info":{"display_name":"Chlo\u00eb P\u00e9t\u00e9","author_link":"https:\/\/media-and-learning.eu\/author\/chloe-pete\/"},"_links":{"self":[{"href":"https:\/\/media-and-learning.eu\/api-json\/wp\/v2\/posts\/36596","targetHints":{"allow":["GET"]}}],"collection":[{"href":"https:\/\/media-and-learning.eu\/api-json\/wp\/v2\/posts"}],"about":[{"href":"https:\/\/media-and-learning.eu\/api-json\/wp\/v2\/types\/post"}],"author":[{"embeddable":true,"href":"https:\/\/media-and-learning.eu\/api-json\/wp\/v2\/users\/5"}],"replies":[{"embeddable":true,"href":"https:\/\/media-and-learning.eu\/api-json\/wp\/v2\/comments?post=36596"}],"version-history":[{"count":9,"href":"https:\/\/media-and-learning.eu\/api-json\/wp\/v2\/posts\/36596\/revisions"}],"predecessor-version":[{"id":36670,"href":"https:\/\/media-and-learning.eu\/api-json\/wp\/v2\/posts\/36596\/revisions\/36670"}],"wp:featuredmedia":[{"embeddable":true,"href":"https:\/\/media-and-learning.eu\/api-json\/wp\/v2\/media\/36619"}],"wp:attachment":[{"href":"https:\/\/media-and-learning.eu\/api-json\/wp\/v2\/media?parent=36596"}],"wp:term":[{"taxonomy":"category","embeddable":true,"href":"https:\/\/media-and-learning.eu\/api-json\/wp\/v2\/categories?post=36596"},{"taxonomy":"post_tag","embeddable":true,"href":"https:\/\/media-and-learning.eu\/api-json\/wp\/v2\/tags?post=36596"}],"curies":[{"name":"wp","href":"https:\/\/api.w.org\/{rel}","templated":true}]}}