{"id":37515,"date":"2025-01-24T17:08:00","date_gmt":"2025-01-24T16:08:00","guid":{"rendered":"https:\/\/media-and-learning.eu\/?p=37515"},"modified":"2025-01-24T17:08:03","modified_gmt":"2025-01-24T16:08:03","slug":"fostering-critical-thinking-and-giving-younger-people-tools-to-navigate-the-labyrinth-of-information","status":"publish","type":"post","link":"https:\/\/media-and-learning.eu\/subject\/media-literacy\/fostering-critical-thinking-and-giving-younger-people-tools-to-navigate-the-labyrinth-of-information\/","title":{"rendered":"Fostering critical thinking and giving younger people tools to navigate the labyrinth of information"},"content":{"rendered":"\n<p>by <a href=\"https:\/\/maldita.es\/\" target=\"_blank\" rel=\"noreferrer noopener\">Maldita.es<\/a> (<a href=\"https:\/\/maldita.es\/malditaeduca\/que-hacemos-educa\/\" target=\"_blank\" rel=\"noreferrer noopener\">Maldita Educa<\/a>), Spain. <\/p>\n\n\n\n<figure class=\"wp-block-image size-large\"><img loading=\"lazy\" decoding=\"async\" width=\"1024\" height=\"741\" src=\"https:\/\/media-and-learning.eu\/files\/2025\/01\/Puzzle-con-logos-031-1-1024x741.png\" alt=\"\" class=\"wp-image-37518\" srcset=\"https:\/\/media-and-learning.eu\/files\/2025\/01\/Puzzle-con-logos-031-1-1024x741.png 1024w, https:\/\/media-and-learning.eu\/files\/2025\/01\/Puzzle-con-logos-031-1-300x217.png 300w, https:\/\/media-and-learning.eu\/files\/2025\/01\/Puzzle-con-logos-031-1-768x556.png 768w, https:\/\/media-and-learning.eu\/files\/2025\/01\/Puzzle-con-logos-031-1-370x268.png 370w, https:\/\/media-and-learning.eu\/files\/2025\/01\/Puzzle-con-logos-031-1-270x195.png 270w, https:\/\/media-and-learning.eu\/files\/2025\/01\/Puzzle-con-logos-031-1-570x412.png 570w, https:\/\/media-and-learning.eu\/files\/2025\/01\/Puzzle-con-logos-031-1-740x535.png 740w, https:\/\/media-and-learning.eu\/files\/2025\/01\/Puzzle-con-logos-031-1-600x434.png 600w, https:\/\/media-and-learning.eu\/files\/2025\/01\/Puzzle-con-logos-031-1.png 1500w\" sizes=\"auto, (max-width: 1024px) 100vw, 1024px\" \/><\/figure>\n\n\n\n<p>What is the difference between facts or opinions? How can I identify a reliable source? Could this poster in my favourite video game be advertising? What should I do if a colleague sends me a racist meme? These are some of the questions regarding media literacy that children who decide to explore <em><a href=\"https:\/\/educaixa.org\/es\/recurso\/jugar-laberinto-informacion\" data-type=\"link\" data-id=\"https:\/\/educaixa.org\/es\/recurso\/jugar-laberinto-informacion\" target=\"_blank\" rel=\"noreferrer noopener\">El laberinto de la informaci\u00f3n<\/a><\/em> (The Labyrinth of Information) will face.<\/p>\n\n\n\n<p>The Labyrinth of Information has an innovative educational itinerary, designed by Maldita.es, <a href=\"https:\/\/educaixa.org\/es\/-\/recurso\/laberinto-informacion\" target=\"_blank\" rel=\"noreferrer noopener\">Educaixa<\/a> and <a href=\"https:\/\/www.verificat.cat\/\" target=\"_blank\" rel=\"noreferrer noopener\">Verificat<\/a>, for students aged 8 to 12, which gives teachers the necessary tools to work on media education and teach students to detect and stop disinformation. <a href=\"https:\/\/view.genially.com\/664dca9c96d30b00146b5513\/interactive-content-juega-a-el-laberinto-de-la-informacion-castellano\" target=\"_blank\" rel=\"noreferrer noopener\">This gamified tool designed with Genially<\/a> offers a series of interactive challenges in which students, accompanied by three explorers\u2014Mel, Ever and Ari\u2014must go through a maze full of challenges.<br>During the journey they will have the help of the \u201cBrains\u201d, their critical thinking assistants. In addition to the educational itinerary, the tool brings extra resources and activities for educators and families.<\/p>\n\n\n\n<figure class=\"wp-block-image size-large\"><img loading=\"lazy\" decoding=\"async\" width=\"1024\" height=\"450\" src=\"https:\/\/media-and-learning.eu\/files\/2025\/01\/Pandilla-cerebros1-1024x450.png\" alt=\"\" class=\"wp-image-37519\" srcset=\"https:\/\/media-and-learning.eu\/files\/2025\/01\/Pandilla-cerebros1-1024x450.png 1024w, https:\/\/media-and-learning.eu\/files\/2025\/01\/Pandilla-cerebros1-300x132.png 300w, https:\/\/media-and-learning.eu\/files\/2025\/01\/Pandilla-cerebros1-768x337.png 768w, https:\/\/media-and-learning.eu\/files\/2025\/01\/Pandilla-cerebros1-370x163.png 370w, https:\/\/media-and-learning.eu\/files\/2025\/01\/Pandilla-cerebros1-270x119.png 270w, https:\/\/media-and-learning.eu\/files\/2025\/01\/Pandilla-cerebros1-570x250.png 570w, https:\/\/media-and-learning.eu\/files\/2025\/01\/Pandilla-cerebros1-740x325.png 740w, https:\/\/media-and-learning.eu\/files\/2025\/01\/Pandilla-cerebros1-600x264.png 600w, https:\/\/media-and-learning.eu\/files\/2025\/01\/Pandilla-cerebros1.png 1500w\" sizes=\"auto, (max-width: 1024px) 100vw, 1024px\" \/><\/figure>\n\n\n\n<p>The explorers will face topics such as information and disinformation, data verification, advertising and bias, as well as digital coexistence. For now, it&#8217;s available in Spanish and Catalan. The development of The Labyrinth of Information responds to a critical need identified through Maldita\u00b4s personal trajectory and proven through focus groups and market analysis: the lack of proper tools in Spanish for teaching media skills for children in primary education.<\/p>\n\n\n\n<p><strong>Our goal: Media literacy for all audiences (starting earlier)<\/strong><\/p>\n\n\n\n<p>Maldita.es is a non-profit foundation based in Spain that builds public trust by fighting<br>disinformation and promoting transparency through journalism, education, technology, research and policy action. Until 2024, most of Maldita\u00b4s training offer for students was directed towards teenagers: active users of social media attending their first talk on media literacy.<\/p>\n\n\n\n<p>Recently, in Spain, more schools have started promoting measures that<a href=\"https:\/\/www.pantallasamigas.net\/regulacion-uso-movil-entorno-escolar-comunidades-autonomas\/\" target=\"_blank\" rel=\"noreferrer noopener\"> limit or ban the use of mobile phones<\/a>. A group of <a href=\"https:\/\/www.adolescencialibredemoviles.es\/\" target=\"_blank\" rel=\"noreferrer noopener\">parents have gone further<\/a> and joined forces to delay the start of their children&#8217;s virtual lives until they are 16 years old. Right now, the reality is that almost half of Spanish 11-year-olds have a smartphone (45.7%), a figure that <a href=\"https:\/\/www.ine.es\/prensa\/tich_2023.pdf\" target=\"_blank\" rel=\"noreferrer noopener\">jumps to 72.1% among 12 years old<\/a><sup data-fn=\"d136be53-c89c-479f-856b-f7860816c714\" class=\"fn\"><a href=\"#d136be53-c89c-479f-856b-f7860816c714\" id=\"d136be53-c89c-479f-856b-f7860816c714-link\">1<\/a><\/sup>. <a href=\"https:\/\/static.qustodio.com\/public-site\/uploads\/2023\/02\/06151022\/ADR_2023_en.pdf\" target=\"_blank\" rel=\"noreferrer noopener\">Some studies indicate <\/a>that children between the ages of 8 and 12 spend about 4 hours a day on online activities such as watching videos, playing games or using social networks (time that does not include school work or housework, just leisure). <\/p>\n\n\n\n<p>It&#8217;s a lot of time for a young user who has no training on media literacy. In the Spanish scenario, there are very few resources on media education and disinformation specifically designed for children who are in primary education. Those that exist are focused on digital literacy (learning to use programs or recognising the dangers of the online world), ignoring other dimensions such as communicative, cognitive, ethical or emotional aspects. Also, other studies show that the sooner you start working on media education, there is a greater guarantee that the results will be better<sup data-fn=\"8c611ccd-2981-499b-8a64-8cfcd4289243\" class=\"fn\"><a href=\"#8c611ccd-2981-499b-8a64-8cfcd4289243\" id=\"8c611ccd-2981-499b-8a64-8cfcd4289243-link\">2<\/a><\/sup>.<\/p>\n\n\n\n<figure class=\"wp-block-image size-full\"><img loading=\"lazy\" decoding=\"async\" width=\"800\" height=\"800\" src=\"https:\/\/media-and-learning.eu\/files\/2025\/01\/carrousel-3-Laberinto-info-1.png\" alt=\"\" class=\"wp-image-37521\" srcset=\"https:\/\/media-and-learning.eu\/files\/2025\/01\/carrousel-3-Laberinto-info-1.png 800w, https:\/\/media-and-learning.eu\/files\/2025\/01\/carrousel-3-Laberinto-info-1-300x300.png 300w, https:\/\/media-and-learning.eu\/files\/2025\/01\/carrousel-3-Laberinto-info-1-125x125.png 125w, https:\/\/media-and-learning.eu\/files\/2025\/01\/carrousel-3-Laberinto-info-1-768x768.png 768w, https:\/\/media-and-learning.eu\/files\/2025\/01\/carrousel-3-Laberinto-info-1-370x370.png 370w, https:\/\/media-and-learning.eu\/files\/2025\/01\/carrousel-3-Laberinto-info-1-270x270.png 270w, https:\/\/media-and-learning.eu\/files\/2025\/01\/carrousel-3-Laberinto-info-1-570x570.png 570w, https:\/\/media-and-learning.eu\/files\/2025\/01\/carrousel-3-Laberinto-info-1-740x740.png 740w, https:\/\/media-and-learning.eu\/files\/2025\/01\/carrousel-3-Laberinto-info-1-400x400.png 400w, https:\/\/media-and-learning.eu\/files\/2025\/01\/carrousel-3-Laberinto-info-1-600x600.png 600w, https:\/\/media-and-learning.eu\/files\/2025\/01\/carrousel-3-Laberinto-info-1-100x100.png 100w, https:\/\/media-and-learning.eu\/files\/2025\/01\/carrousel-3-Laberinto-info-1-32x32.png 32w\" sizes=\"auto, (max-width: 800px) 100vw, 800px\" \/><\/figure>\n\n\n\n<p><strong>Inside The Labyrinth: how to activate critical thinking<\/strong><\/p>\n\n\n\n<p>Critical thinking can be the best skill to protect young children against disinformation and deception but also against anxiety, depression and other psychological problems that can be exacerbated by the incorrect use of digital media. Inside The Labyrinth, students are invited to think about what information is and to reflect on disinformation.<\/p>\n\n\n\n<p>Younger children usually associate lies with implausible, satirical or unrealistic content, ignoring the multiplicity of motives and formats that misinformation can have.<sup data-fn=\"6c58e1a3-85d5-49ff-ab25-0a9d6c9e0fae\" class=\"fn\"><a href=\"#6c58e1a3-85d5-49ff-ab25-0a9d6c9e0fae\" id=\"6c58e1a3-85d5-49ff-ab25-0a9d6c9e0fae-link\">3<\/a><\/sup> To solve the Labyrinth, students have to learn how to identify hoaxes but also to spot covert advertising and practise basic verification techniques. <\/p>\n\n\n\n<p>The educational resource is divided into <strong>4 modules <\/strong>that can be completed randomly and independently, with each module including 2 class sessions (50 minutes). At the end of each session, explorers earn an object that helps them get around the informational maze, such as a compass or binoculars. Teachers can choose between developing all the activities using an interactive Genially game or through a presentation version with printables worksheets. This allows the resource to be adapted to different environments. It can be self played by the students or used analogically and easily personalised by the teachers in whatever format works best for their group.<\/p>\n\n\n\n<figure class=\"wp-block-image size-large\"><img loading=\"lazy\" decoding=\"async\" width=\"1024\" height=\"536\" src=\"https:\/\/media-and-learning.eu\/files\/2025\/01\/aprende_laberinto_maldita-1024x536.png\" alt=\"\" class=\"wp-image-37524\" srcset=\"https:\/\/media-and-learning.eu\/files\/2025\/01\/aprende_laberinto_maldita-1024x536.png 1024w, https:\/\/media-and-learning.eu\/files\/2025\/01\/aprende_laberinto_maldita-300x157.png 300w, https:\/\/media-and-learning.eu\/files\/2025\/01\/aprende_laberinto_maldita-768x402.png 768w, https:\/\/media-and-learning.eu\/files\/2025\/01\/aprende_laberinto_maldita-370x194.png 370w, https:\/\/media-and-learning.eu\/files\/2025\/01\/aprende_laberinto_maldita-270x141.png 270w, https:\/\/media-and-learning.eu\/files\/2025\/01\/aprende_laberinto_maldita-570x298.png 570w, https:\/\/media-and-learning.eu\/files\/2025\/01\/aprende_laberinto_maldita-740x387.png 740w, https:\/\/media-and-learning.eu\/files\/2025\/01\/aprende_laberinto_maldita-600x314.png 600w, https:\/\/media-and-learning.eu\/files\/2025\/01\/aprende_laberinto_maldita.png 1200w\" sizes=\"auto, (max-width: 1024px) 100vw, 1024px\" \/><\/figure>\n\n\n<ol class=\"wp-block-footnotes\"><li id=\"d136be53-c89c-479f-856b-f7860816c714\">Data from Instituto Nacional de Estad\u00edstica Espa\u00f1ol (INE) <a href=\"#d136be53-c89c-479f-856b-f7860816c714-link\" aria-label=\"Jump to footnote reference 1\">\u21a9\ufe0e<\/a><\/li><li id=\"8c611ccd-2981-499b-8a64-8cfcd4289243\">AEP, Sobre la edad de uso de dispositivos m\u00f3viles en la infancia y la adolescencia, 2023<br><a href=\"https:\/\/www.aeped.es\/sites\/default\/files\/comunicado_salud_digital_aep.pdf\" target=\"_blank\" rel=\"noreferrer noopener\">https:\/\/www.aeped.es\/sites\/default\/files\/comunicado_salud_digital_aep.pdf<\/a> <a href=\"#8c611ccd-2981-499b-8a64-8cfcd4289243-link\" aria-label=\"Jump to footnote reference 2\">\u21a9\ufe0e<\/a><\/li><li id=\"6c58e1a3-85d5-49ff-ab25-0a9d6c9e0fae\">Xu, S., Shtulman, A., &amp; Young, A. G. (2022). Can Children Detect Fake News? Proceedings of the Annual Meeting of the Cognitive Science Society, 44. Retrieved from <a href=\"https:\/\/escholarship.org\/uc\/item\/9bh2z1q9\" target=\"_blank\" rel=\"noreferrer noopener\">https:\/\/escholarship.org\/uc\/item\/9bh2z1q9<\/a> <a href=\"#6c58e1a3-85d5-49ff-ab25-0a9d6c9e0fae-link\" aria-label=\"Jump to footnote reference 3\">\u21a9\ufe0e<\/a><\/li><\/ol>","protected":false},"excerpt":{"rendered":"<p>by Maldita.es (Maldita Educa), Spain. What is the difference between facts or opinions? How can I identify a reliable source? Could this poster in my favourite video game be advertising? What should I do if a colleague sends me a racist meme? These are some of the questions regarding media literacy that children who decide [&hellip;]<\/p>\n","protected":false},"author":5,"featured_media":37525,"comment_status":"closed","ping_status":"closed","sticky":false,"template":"","format":"standard","meta":{"_mo_disable_npp":"","footnotes":"[{\"content\":\"Data from Instituto Nacional de Estad\u00edstica Espa\u00f1ol (INE)\",\"id\":\"d136be53-c89c-479f-856b-f7860816c714\"},{\"content\":\"AEP, Sobre la edad de uso de dispositivos m\u00f3viles en la infancia y la adolescencia, 2023<br><a href=\\\"https:\/\/www.aeped.es\/sites\/default\/files\/comunicado_salud_digital_aep.pdf\\\" target=\\\"_blank\\\" rel=\\\"noreferrer noopener\\\">https:\/\/www.aeped.es\/sites\/default\/files\/comunicado_salud_digital_aep.pdf<\/a>\",\"id\":\"8c611ccd-2981-499b-8a64-8cfcd4289243\"},{\"content\":\"Xu, S., Shtulman, A., &amp; Young, A. G. (2022). Can Children Detect Fake News? Proceedings of the Annual Meeting of the Cognitive Science Society, 44. Retrieved from <a href=\\\"https:\/\/escholarship.org\/uc\/item\/9bh2z1q9\\\" target=\\\"_blank\\\" rel=\\\"noreferrer noopener\\\">https:\/\/escholarship.org\/uc\/item\/9bh2z1q9<\/a>\",\"id\":\"6c58e1a3-85d5-49ff-ab25-0a9d6c9e0fae\"}]"},"categories":[4,272,274],"tags":[],"class_list":["post-37515","post","type-post","status-publish","format-standard","has-post-thumbnail","hentry","category-featured-articles","category-media-literacy","category-primary-secondary-education"],"featured_image_src":"https:\/\/media-and-learning.eu\/files\/2025\/01\/aprende_laberinto_maldita-1.png","author_info":{"display_name":"Chlo\u00eb P\u00e9t\u00e9","author_link":"https:\/\/media-and-learning.eu\/author\/chloe-pete\/"},"_links":{"self":[{"href":"https:\/\/media-and-learning.eu\/api-json\/wp\/v2\/posts\/37515","targetHints":{"allow":["GET"]}}],"collection":[{"href":"https:\/\/media-and-learning.eu\/api-json\/wp\/v2\/posts"}],"about":[{"href":"https:\/\/media-and-learning.eu\/api-json\/wp\/v2\/types\/post"}],"author":[{"embeddable":true,"href":"https:\/\/media-and-learning.eu\/api-json\/wp\/v2\/users\/5"}],"replies":[{"embeddable":true,"href":"https:\/\/media-and-learning.eu\/api-json\/wp\/v2\/comments?post=37515"}],"version-history":[{"count":11,"href":"https:\/\/media-and-learning.eu\/api-json\/wp\/v2\/posts\/37515\/revisions"}],"predecessor-version":[{"id":37536,"href":"https:\/\/media-and-learning.eu\/api-json\/wp\/v2\/posts\/37515\/revisions\/37536"}],"wp:featuredmedia":[{"embeddable":true,"href":"https:\/\/media-and-learning.eu\/api-json\/wp\/v2\/media\/37525"}],"wp:attachment":[{"href":"https:\/\/media-and-learning.eu\/api-json\/wp\/v2\/media?parent=37515"}],"wp:term":[{"taxonomy":"category","embeddable":true,"href":"https:\/\/media-and-learning.eu\/api-json\/wp\/v2\/categories?post=37515"},{"taxonomy":"post_tag","embeddable":true,"href":"https:\/\/media-and-learning.eu\/api-json\/wp\/v2\/tags?post=37515"}],"curies":[{"name":"wp","href":"https:\/\/api.w.org\/{rel}","templated":true}]}}