{"id":38069,"date":"2025-02-18T16:37:23","date_gmt":"2025-02-18T15:37:23","guid":{"rendered":"https:\/\/media-and-learning.eu\/?p=38069"},"modified":"2025-02-28T09:18:11","modified_gmt":"2025-02-28T08:18:11","slug":"international-conference-on-new-trends-in-education-teaching-learning-and-technology-budapest-hungary-3-4-april-2025","status":"publish","type":"post","link":"https:\/\/media-and-learning.eu\/type\/news\/international-conference-on-new-trends-in-education-teaching-learning-and-technology-budapest-hungary-3-4-april-2025\/","title":{"rendered":"International Conference on New Trends in Education: Teaching, Learning and Technology, Budapest, Hungary, 3-4 April, 2025"},"content":{"rendered":"\n<p>The International Conference on New Trends in Education: Teaching, Learning and Technology <a href=\"https:\/\/www.iarfconference.com\/conf\/index.php?id=2851161\" data-type=\"link\" data-id=\"https:\/\/www.iarfconference.com\/conf\/index.php?id=2851161\" target=\"_blank\" rel=\"noreferrer noopener\">(TLT-25)<\/a> is taking place on<strong> 3rd &#8211; 4th April 2025 <\/strong>in<strong> Budapest, Hungary<\/strong>. This event offers a global platform to explore the latest advancements and challenges in Business Management and Social Innovation. Participants can engage in insightful discussions and knowledge-sharing sessions with senior academics, researchers, and industry leaders. You can attend in-person or virtually.<\/p>\n\n\n\n<p><\/p>\n\n\n\n<p><\/p>\n","protected":false},"excerpt":{"rendered":"<p>The International Conference on New Trends in Education: Teaching, Learning and Technology (TLT-25) is taking place on 3rd &#8211; 4th April 2025 in Budapest, Hungary. This event offers a global platform to explore the latest advancements and challenges in Business Management and Social Innovation. Participants can engage in insightful discussions and knowledge-sharing sessions with senior [&hellip;]<\/p>\n","protected":false},"author":5,"featured_media":38070,"comment_status":"closed","ping_status":"closed","sticky":false,"template":"","format":"standard","meta":{"_mo_disable_npp":"","footnotes":""},"categories":[275,2],"tags":[],"class_list":["post-38069","post","type-post","status-publish","format-standard","has-post-thumbnail","hentry","category-higher-education","category-news"],"featured_image_src":"https:\/\/media-and-learning.eu\/files\/2025\/02\/budapest-conference-screenshot.png","author_info":{"display_name":"Chlo\u00eb P\u00e9t\u00e9","author_link":"https:\/\/media-and-learning.eu\/author\/chloe-pete\/"},"_links":{"self":[{"href":"https:\/\/media-and-learning.eu\/api-json\/wp\/v2\/posts\/38069","targetHints":{"allow":["GET"]}}],"collection":[{"href":"https:\/\/media-and-learning.eu\/api-json\/wp\/v2\/posts"}],"about":[{"href":"https:\/\/media-and-learning.eu\/api-json\/wp\/v2\/types\/post"}],"author":[{"embeddable":true,"href":"https:\/\/media-and-learning.eu\/api-json\/wp\/v2\/users\/5"}],"replies":[{"embeddable":true,"href":"https:\/\/media-and-learning.eu\/api-json\/wp\/v2\/comments?post=38069"}],"version-history":[{"count":5,"href":"https:\/\/media-and-learning.eu\/api-json\/wp\/v2\/posts\/38069\/revisions"}],"predecessor-version":[{"id":38156,"href":"https:\/\/media-and-learning.eu\/api-json\/wp\/v2\/posts\/38069\/revisions\/38156"}],"wp:featuredmedia":[{"embeddable":true,"href":"https:\/\/media-and-learning.eu\/api-json\/wp\/v2\/media\/38070"}],"wp:attachment":[{"href":"https:\/\/media-and-learning.eu\/api-json\/wp\/v2\/media?parent=38069"}],"wp:term":[{"taxonomy":"category","embeddable":true,"href":"https:\/\/media-and-learning.eu\/api-json\/wp\/v2\/categories?post=38069"},{"taxonomy":"post_tag","embeddable":true,"href":"https:\/\/media-and-learning.eu\/api-json\/wp\/v2\/tags?post=38069"}],"curies":[{"name":"wp","href":"https:\/\/api.w.org\/{rel}","templated":true}]}}