{"id":38239,"date":"2025-03-03T10:09:29","date_gmt":"2025-03-03T09:09:29","guid":{"rendered":"https:\/\/media-and-learning.eu\/?p=38239"},"modified":"2025-03-03T10:09:32","modified_gmt":"2025-03-03T09:09:32","slug":"eurashe-34th-annual-conference-portalegre-portugal-14-15-may-2025","status":"publish","type":"post","link":"https:\/\/media-and-learning.eu\/subject\/higher-education\/eurashe-34th-annual-conference-portalegre-portugal-14-15-may-2025\/","title":{"rendered":"EURASHE 34th Annual Conference, Portalegre, Portugal, 14 \u2013 15 May 2025"},"content":{"rendered":"\n<p>The <strong>34th Annual Conference of EURASHE<\/strong> will take place <strong>on 14 \u2013 15 May 2025 at the Polytechnic University of Portalegre, Portugal<\/strong>, focusing on the role of applied universities in driving regional competitiveness. The event will bring together members of the higher education community to discuss key challenges and future directions for education. The programme will feature discussions on regional development, skills enhancement, and the evolving role of applied universities in fostering innovation.<\/p>\n\n\n\n<p>Find more information <a href=\"https:\/\/www.eurashe.eu\/events\/annual-conference-2025\/\" target=\"_blank\" rel=\"noreferrer noopener\">here<\/a><\/p>\n","protected":false},"excerpt":{"rendered":"<p>The 34th Annual Conference of EURASHE will take place on 14 \u2013 15 May 2025 at the Polytechnic University of Portalegre, Portugal, focusing on the role of applied universities in driving regional competitiveness. The event will bring together members of the higher education community to discuss key challenges and future directions for education. The programme [&hellip;]<\/p>\n","protected":false},"author":5,"featured_media":38240,"comment_status":"closed","ping_status":"closed","sticky":false,"template":"","format":"standard","meta":{"_mo_disable_npp":"","footnotes":""},"categories":[275,2],"tags":[],"class_list":["post-38239","post","type-post","status-publish","format-standard","has-post-thumbnail","hentry","category-higher-education","category-news"],"featured_image_src":"https:\/\/media-and-learning.eu\/files\/2025\/02\/eurashe-conf.png","author_info":{"display_name":"Chlo\u00eb P\u00e9t\u00e9","author_link":"https:\/\/media-and-learning.eu\/author\/chloe-pete\/"},"_links":{"self":[{"href":"https:\/\/media-and-learning.eu\/api-json\/wp\/v2\/posts\/38239","targetHints":{"allow":["GET"]}}],"collection":[{"href":"https:\/\/media-and-learning.eu\/api-json\/wp\/v2\/posts"}],"about":[{"href":"https:\/\/media-and-learning.eu\/api-json\/wp\/v2\/types\/post"}],"author":[{"embeddable":true,"href":"https:\/\/media-and-learning.eu\/api-json\/wp\/v2\/users\/5"}],"replies":[{"embeddable":true,"href":"https:\/\/media-and-learning.eu\/api-json\/wp\/v2\/comments?post=38239"}],"version-history":[{"count":1,"href":"https:\/\/media-and-learning.eu\/api-json\/wp\/v2\/posts\/38239\/revisions"}],"predecessor-version":[{"id":38241,"href":"https:\/\/media-and-learning.eu\/api-json\/wp\/v2\/posts\/38239\/revisions\/38241"}],"wp:featuredmedia":[{"embeddable":true,"href":"https:\/\/media-and-learning.eu\/api-json\/wp\/v2\/media\/38240"}],"wp:attachment":[{"href":"https:\/\/media-and-learning.eu\/api-json\/wp\/v2\/media?parent=38239"}],"wp:term":[{"taxonomy":"category","embeddable":true,"href":"https:\/\/media-and-learning.eu\/api-json\/wp\/v2\/categories?post=38239"},{"taxonomy":"post_tag","embeddable":true,"href":"https:\/\/media-and-learning.eu\/api-json\/wp\/v2\/tags?post=38239"}],"curies":[{"name":"wp","href":"https:\/\/api.w.org\/{rel}","templated":true}]}}