{"id":39364,"date":"2025-05-02T16:27:04","date_gmt":"2025-05-02T14:27:04","guid":{"rendered":"https:\/\/media-and-learning.eu\/?p=39364"},"modified":"2025-05-02T16:27:07","modified_gmt":"2025-05-02T14:27:07","slug":"international-xr-metaverse-conference-maastricht-the-netherlands-25-27-june-2025","status":"publish","type":"post","link":"https:\/\/media-and-learning.eu\/subject\/ar-vr\/international-xr-metaverse-conference-maastricht-the-netherlands-25-27-june-2025\/","title":{"rendered":"International XR-Metaverse Conference, Maastricht, The Netherlands, 25-27 June 2025"},"content":{"rendered":"\n<p>The 10th International XR-Metaverse Conference will take place from 25 to 27 June 2025 at Maastricht University in the Netherlands. Organised by the International Association of Immersive Technology Innovation (IAITI), this year&#8217;s conference focuses on the theme &#8220;Bridging between realities: transformative, inclusive, and sustainable XR.&#8221; The event will convene industry leaders and academics to explore the latest trends in augmented reality (AR), virtual reality (VR), and the Metaverse.<\/p>\n\n\n\n<p>Prior to the main conference, a Doctoral Colloquium is scheduled for 24 June 2025, offering PhD students an opportunity to present their research and receive feedback from experts in immersive technology.<\/p>\n\n\n\n<p>For more information and registration details, please visit the official conference page: <a href=\"https:\/\/www.maastrichtuniversity.nl\/events\/10th-international-xr-metaverse-conference-2025\" target=\"_blank\" rel=\"noreferrer noopener\">Maastricht University Events<\/a>.<\/p>\n\n\n\n<p><\/p>\n","protected":false},"excerpt":{"rendered":"<p>The 10th International XR-Metaverse Conference will take place from 25 to 27 June 2025 at Maastricht University in the Netherlands. Organised by the International Association of Immersive Technology Innovation (IAITI), this year&#8217;s conference focuses on the theme &#8220;Bridging between realities: transformative, inclusive, and sustainable XR.&#8221; The event will convene industry leaders and academics to explore [&hellip;]<\/p>\n","protected":false},"author":5,"featured_media":39365,"comment_status":"closed","ping_status":"closed","sticky":false,"template":"","format":"standard","meta":{"_mo_disable_npp":"","footnotes":""},"categories":[271,275,2],"tags":[],"class_list":["post-39364","post","type-post","status-publish","format-standard","has-post-thumbnail","hentry","category-ar-vr","category-higher-education","category-news"],"featured_image_src":"https:\/\/media-and-learning.eu\/files\/2025\/05\/Screenshot-2025-05-02-155233.png","author_info":{"display_name":"Chlo\u00eb P\u00e9t\u00e9","author_link":"https:\/\/media-and-learning.eu\/author\/chloe-pete\/"},"_links":{"self":[{"href":"https:\/\/media-and-learning.eu\/api-json\/wp\/v2\/posts\/39364","targetHints":{"allow":["GET"]}}],"collection":[{"href":"https:\/\/media-and-learning.eu\/api-json\/wp\/v2\/posts"}],"about":[{"href":"https:\/\/media-and-learning.eu\/api-json\/wp\/v2\/types\/post"}],"author":[{"embeddable":true,"href":"https:\/\/media-and-learning.eu\/api-json\/wp\/v2\/users\/5"}],"replies":[{"embeddable":true,"href":"https:\/\/media-and-learning.eu\/api-json\/wp\/v2\/comments?post=39364"}],"version-history":[{"count":2,"href":"https:\/\/media-and-learning.eu\/api-json\/wp\/v2\/posts\/39364\/revisions"}],"predecessor-version":[{"id":39367,"href":"https:\/\/media-and-learning.eu\/api-json\/wp\/v2\/posts\/39364\/revisions\/39367"}],"wp:featuredmedia":[{"embeddable":true,"href":"https:\/\/media-and-learning.eu\/api-json\/wp\/v2\/media\/39365"}],"wp:attachment":[{"href":"https:\/\/media-and-learning.eu\/api-json\/wp\/v2\/media?parent=39364"}],"wp:term":[{"taxonomy":"category","embeddable":true,"href":"https:\/\/media-and-learning.eu\/api-json\/wp\/v2\/categories?post=39364"},{"taxonomy":"post_tag","embeddable":true,"href":"https:\/\/media-and-learning.eu\/api-json\/wp\/v2\/tags?post=39364"}],"curies":[{"name":"wp","href":"https:\/\/api.w.org\/{rel}","templated":true}]}}