{"id":44648,"date":"2026-01-12T11:18:03","date_gmt":"2026-01-12T10:18:03","guid":{"rendered":"https:\/\/media-and-learning.eu\/?p=44648"},"modified":"2026-01-12T14:25:39","modified_gmt":"2026-01-12T13:25:39","slug":"ise-education-technology-summit-2026-barcelona-spain-3-february-2026","status":"publish","type":"post","link":"https:\/\/media-and-learning.eu\/subject\/ar-vr\/ise-education-technology-summit-2026-barcelona-spain-3-february-2026\/","title":{"rendered":"ISE Education Technology Summit 2026, Barcelona, Spain, 3 February 2026"},"content":{"rendered":"\n<p class=\"wp-block-paragraph\">The <strong><a href=\"https:\/\/www.iseurope.org\/content-programme\/education-technology-summit\" target=\"_blank\" rel=\"noreferrer noopener\">Education Technology Summit<\/a><\/strong> returns to <a href=\"https:\/\/www.iseurope.org\/welcome\/registration?actioncode=ise2026freentry&amp;gad_source=1&amp;gad_campaignid=23158621871&amp;gbraid=0AAAAADhMQU3ARA1Pc3cXB8_rXx6e9SIV0&amp;gclid=Cj0KCQiA1JLLBhCDARIsAAVfy7huBPpSmDKDjih9IExI1F9nD7JMx7mm3ROAj9NNpotrQEGUpkREBXEaAvgwEALw_wcB\" target=\"_blank\" rel=\"noreferrer noopener\">ISE 2026<\/a> on <strong>Tuesday 3 February, 14:00\u201318:00 at CC5.1<\/strong>, bringing together educators, technologists, and thought leaders to explore the latest strategies, learning models, and trends shaping education technology in universities, schools, corporate training, and other learning environments.<\/p>\n\n\n\n<p class=\"wp-block-paragraph\">This year\u2019s summit, themed <strong>\u201cA Learning Future for All\u201d<\/strong>, offers a unique, immersive experience combining archaeology, philosophy, and time travel to examine how technology can serve learners and educators alike. The program focuses on aligning technical possibilities with human intent: how can we use AV and digital technologies to improve inclusivity, personalisation, and overall learning outcomes without widening the digital divide?<\/p>\n\n\n\n<p class=\"wp-block-paragraph\">Delegates will hear from experts working with cutting-edge tools from <strong>AI to immersive learning<\/strong>, and learn how data can be leveraged to create more effective learning experiences. Drawing on three decades of insights in edtech, the summit concludes with a lively, collaborative session exploring the skills, mindsets, and tools required for equitable and sustainable, learner-driven futures.<\/p>\n\n\n\n<p class=\"wp-block-paragraph\">The summit is chaired by <strong>Dr Gill Ferrell<\/strong>, Executive Director Europe for the 1EdTech Consortium, and long-standing Content Chair for ISE\u2019s education-focused events. Gill brings extensive expertise, international connections, and practical insights into enhancing learning with technology.<\/p>\n\n\n\n<p class=\"wp-block-paragraph\">Attendees can purchase <strong>all-conference passes<\/strong> for access to all summits and sessions, or <strong>individual summit tickets<\/strong>. For any Members of the Media &amp; Learning Association who would like a free pass to this summit, please contact the MLA Secretariat at info@media-and-learning.eu.<\/p>\n\n\n\n<p class=\"wp-block-paragraph\">For full programme details, speakers, and ticketing information, visit the <a href=\"https:\/\/www.iseurope.org\/content-programme\/education-technology-summit\" target=\"_blank\" rel=\"noreferrer noopener\">ISE Education Technology Summit page<\/a>.<\/p>\n","protected":false},"excerpt":{"rendered":"<p>The Education Technology Summit returns to ISE 2026 on Tuesday 3 February, 14:00\u201318:00 at CC5.1, bringing together educators, technologists, and thought leaders to explore the latest strategies, learning models, and trends shaping education technology in universities, schools, corporate training, and other learning environments. This year\u2019s summit, themed \u201cA Learning Future for All\u201d, offers a unique, [&hellip;]<\/p>\n","protected":false},"author":5,"featured_media":44651,"comment_status":"closed","ping_status":"closed","sticky":false,"template":"","format":"standard","meta":{"_mo_disable_npp":"","footnotes":""},"categories":[271,362,270,275,2],"tags":[],"class_list":["post-44648","post","type-post","status-publish","format-standard","has-post-thumbnail","hentry","category-ar-vr","category-artificial-intelligence","category-av-technologies","category-higher-education","category-news"],"featured_image_src":"https:\/\/media-and-learning.eu\/files\/2026\/01\/Copy-of-now-available-in-8-languages-3.png","author_info":{"display_name":"Chlo\u00eb P\u00e9t\u00e9","author_link":"https:\/\/media-and-learning.eu\/author\/chloe-pete\/"},"_links":{"self":[{"href":"https:\/\/media-and-learning.eu\/api-json\/wp\/v2\/posts\/44648","targetHints":{"allow":["GET"]}}],"collection":[{"href":"https:\/\/media-and-learning.eu\/api-json\/wp\/v2\/posts"}],"about":[{"href":"https:\/\/media-and-learning.eu\/api-json\/wp\/v2\/types\/post"}],"author":[{"embeddable":true,"href":"https:\/\/media-and-learning.eu\/api-json\/wp\/v2\/users\/5"}],"replies":[{"embeddable":true,"href":"https:\/\/media-and-learning.eu\/api-json\/wp\/v2\/comments?post=44648"}],"version-history":[{"count":4,"href":"https:\/\/media-and-learning.eu\/api-json\/wp\/v2\/posts\/44648\/revisions"}],"predecessor-version":[{"id":44694,"href":"https:\/\/media-and-learning.eu\/api-json\/wp\/v2\/posts\/44648\/revisions\/44694"}],"wp:featuredmedia":[{"embeddable":true,"href":"https:\/\/media-and-learning.eu\/api-json\/wp\/v2\/media\/44651"}],"wp:attachment":[{"href":"https:\/\/media-and-learning.eu\/api-json\/wp\/v2\/media?parent=44648"}],"wp:term":[{"taxonomy":"category","embeddable":true,"href":"https:\/\/media-and-learning.eu\/api-json\/wp\/v2\/categories?post=44648"},{"taxonomy":"post_tag","embeddable":true,"href":"https:\/\/media-and-learning.eu\/api-json\/wp\/v2\/tags?post=44648"}],"curies":[{"name":"wp","href":"https:\/\/api.w.org\/{rel}","templated":true}]}}