{"id":46399,"date":"2026-04-30T11:32:13","date_gmt":"2026-04-30T09:32:13","guid":{"rendered":"https:\/\/media-and-learning.eu\/?p=46399"},"modified":"2026-04-30T14:17:53","modified_gmt":"2026-04-30T12:17:53","slug":"the-social-media-trap-a-classroom-resource-for-an-age-of-digital-uncertainty","status":"publish","type":"post","link":"https:\/\/media-and-learning.eu\/subject\/media-literacy\/the-social-media-trap-a-classroom-resource-for-an-age-of-digital-uncertainty\/","title":{"rendered":"The Social Media Trap: a classroom resource for an age of digital uncertainty"},"content":{"rendered":"\n<p>by <strong>Vicky Lee<\/strong>, ClickView, Australia.<\/p>\n\n\n\n<p>Young people are not simply using social media; they are being used by it. Features such as push notifications, infinite scroll and algorithmically curated feeds are deliberate design choices, engineered to capture and hold users\u2019 attention. Despite this, many classroom resources addressing social media still focus narrowly on cyberbullying or online safety compliance. <em>The Social Media Trap<\/em>, a nine-part educational video series, sets out to do something more ambitious: to give young people the tools to understand how social media actually works and how they can use this knowledge to improve their own relationship with platforms and apps.<\/p>\n\n\n\n<h3 class=\"wp-block-heading\">A timely resource in a rapidly shifting landscape<\/h3>\n\n\n\n<p>This video series arrives at a moment of unusual policy momentum. In November 2024, Australia passed legislation banning children under the age of 16 from using social media platforms, informed by research from Australia\u2019s eSafety Commissioner on the online experiences of children and young people. &nbsp;The law, which came into force in December 2025, places the compliance burden on platforms and is, to-date, the most far-reaching age restriction of its kind. It has prompted international debate about both its feasibility and underlying rationale.<\/p>\n\n\n\n<p>Since then, various countries have considered introducing similar age-based restrictions or enhanced platform accountability measures, including France, Greece, Spain and the United Kingdom in recent months. At the same time, critics argue that restricting access does little to build the critical skills young people need to live safely in a digital world. Similarly, teachers and other educators face considerable challenges in ensuring their students feel supported. In a 2025 survey of more than 400 educators, ClickView found that only 6% felt fully prepared to deal with the classroom impacts of the social media ban, and two-thirds wanted clear guidance on the restrictions.<\/p>\n\n\n\n<figure class=\"wp-block-image size-large\"><img loading=\"lazy\" decoding=\"async\" width=\"953\" height=\"1024\" src=\"https:\/\/media-and-learning.eu\/files\/2026\/04\/Picture1-953x1024.jpg\" alt=\"\" class=\"wp-image-46401\" srcset=\"https:\/\/media-and-learning.eu\/files\/2026\/04\/Picture1-953x1024.jpg 953w, https:\/\/media-and-learning.eu\/files\/2026\/04\/Picture1-279x300.jpg 279w, https:\/\/media-and-learning.eu\/files\/2026\/04\/Picture1-768x825.jpg 768w, https:\/\/media-and-learning.eu\/files\/2026\/04\/Picture1-1430x1536.jpg 1430w, https:\/\/media-and-learning.eu\/files\/2026\/04\/Picture1-1906x2048.jpg 1906w, https:\/\/media-and-learning.eu\/files\/2026\/04\/Picture1-370x397.jpg 370w, https:\/\/media-and-learning.eu\/files\/2026\/04\/Picture1-270x290.jpg 270w, https:\/\/media-and-learning.eu\/files\/2026\/04\/Picture1-570x612.jpg 570w, https:\/\/media-and-learning.eu\/files\/2026\/04\/Picture1-740x795.jpg 740w, https:\/\/media-and-learning.eu\/files\/2026\/04\/Picture1-600x645.jpg 600w\" sizes=\"auto, (max-width: 953px) 100vw, 953px\" \/><figcaption class=\"wp-element-caption\">Insights from ClickView&#8217;s Educator Survey (2025) regarding Australia&#8217;s social media ban<\/figcaption><\/figure>\n\n\n\n<p>It is this uncertainty and desire for resources that makes a series like <em>The Social Media Trap<\/em> so relevant now. Rather than treating the question of social media as resolved, the series encourages young people to engage with social media thoughtfully: to understand the systems at work, to weigh the evidence and to develop their own informed perspectives.<\/p>\n\n\n\n<h3 class=\"wp-block-heading\">What the series covers<\/h3>\n\n\n\n<p>Designed for secondary school students aged 13\u201318, <em>The Social Media Trap<\/em> looks at adolescent social media use without demonising the technology. The series explores diverse viewpoints on social media through three main lenses.<\/p>\n\n\n\n<p>Firstly, it starts with young people\u2019s perspectives by featuring video diaries from five teenagers during a two-week \u2018detox\u2019 from social media. Their reflections provide a direct insight into young people\u2019s personal relationships with social media. Secondly, it dissects those perspectives by bringing together insights from industry and academic experts, including a psychologist, a psychiatrist, social media researchers and a technologist. Thirdly, the overarching narrative and themes of the series are explored through a presenter who acts as a neutral storyteller, offering concise summaries of key points and inviting viewers to reflect on their own feelings about social media.<\/p>\n\n\n\n<figure class=\"wp-block-image size-full\"><img loading=\"lazy\" decoding=\"async\" width=\"624\" height=\"351\" src=\"https:\/\/media-and-learning.eu\/files\/2026\/04\/Picture2.png\" alt=\"\" class=\"wp-image-46403\" srcset=\"https:\/\/media-and-learning.eu\/files\/2026\/04\/Picture2.png 624w, https:\/\/media-and-learning.eu\/files\/2026\/04\/Picture2-300x169.png 300w, https:\/\/media-and-learning.eu\/files\/2026\/04\/Picture2-370x208.png 370w, https:\/\/media-and-learning.eu\/files\/2026\/04\/Picture2-270x152.png 270w, https:\/\/media-and-learning.eu\/files\/2026\/04\/Picture2-570x321.png 570w, https:\/\/media-and-learning.eu\/files\/2026\/04\/Picture2-600x338.png 600w\" sizes=\"auto, (max-width: 624px) 100vw, 624px\" \/><figcaption class=\"wp-element-caption\">Three of the interviewees featured across the series<\/figcaption><\/figure>\n\n\n\n<p>By the end of the series, students should understand how persuasive design features are engineered to maximise engagement, be aware of the psychological effects of social comparison and validation metrics and be able to relate this knowledge to real-world examples, including viral trends and regulatory responses. Crucially, the series also asks students to reflect on their own digital habits and to develop the critical awareness that makes informed choice possible.<\/p>\n\n\n\n<h3 class=\"wp-block-heading\">A complete video package for teachers and students<\/h3>\n\n\n\n<p><em>The Social Media Trap<\/em> is available on ClickView, a trusted video platform for over 11,000 schools, one million teachers and seven million students worldwide. As part of its mission to reach every student through video, ClickView is home to curated, curriculum-aligned, ad-free videos for every subject and learning level, complemented by classroom-ready resources to help students explore, explain and evaluate their learning.<\/p>\n\n\n\n<figure class=\"wp-block-image size-full\"><img loading=\"lazy\" decoding=\"async\" width=\"462\" height=\"624\" src=\"https:\/\/media-and-learning.eu\/files\/2026\/04\/Picture3.png\" alt=\"\" class=\"wp-image-46408\" srcset=\"https:\/\/media-and-learning.eu\/files\/2026\/04\/Picture3.png 462w, https:\/\/media-and-learning.eu\/files\/2026\/04\/Picture3-222x300.png 222w, https:\/\/media-and-learning.eu\/files\/2026\/04\/Picture3-370x500.png 370w, https:\/\/media-and-learning.eu\/files\/2026\/04\/Picture3-270x365.png 270w\" sizes=\"auto, (max-width: 462px) 100vw, 462px\" \/><figcaption class=\"wp-element-caption\">Videos on ClickView are accompanied by teacher and student resources<\/figcaption><\/figure>\n\n\n\n<p>Resources for this series include a glossary, inquiry-based learning tasks, structured discussion prompts and debate activities, as well as a Youth Toolkit created by the Center for Humane Technology, a non-profit organisation focused on minimising harms from technology. These resources help educators facilitate conversations on the themes of the series and help students deepen their understanding of this important topic.<\/p>\n\n\n\n<p>For not only young people navigating the complex topic of social media, but also their teachers and other educators, <em>The Social Media Trap<\/em> is a nuanced and grounded starting point for classroom conversations that go well beyond the headlines.<\/p>\n\n\n\n<h3 class=\"wp-block-heading\">Author<\/h3>\n\n\n\n<div class=\"wp-block-media-text is-stacked-on-mobile\" style=\"grid-template-columns:23% auto\"><figure class=\"wp-block-media-text__media\"><img loading=\"lazy\" decoding=\"async\" width=\"192\" height=\"192\" src=\"https:\/\/media-and-learning.eu\/files\/2026\/04\/Picture4.png\" alt=\"\" class=\"wp-image-46409 size-full\" srcset=\"https:\/\/media-and-learning.eu\/files\/2026\/04\/Picture4.png 192w, https:\/\/media-and-learning.eu\/files\/2026\/04\/Picture4-125x125.png 125w, https:\/\/media-and-learning.eu\/files\/2026\/04\/Picture4-100x100.png 100w, https:\/\/media-and-learning.eu\/files\/2026\/04\/Picture4-32x32.png 32w\" sizes=\"auto, (max-width: 192px) 100vw, 192px\" \/><\/figure><div class=\"wp-block-media-text__content\">\n<p>Vicky Lee is the Commissioning Lead at <a href=\"https:\/\/clickvieweducation.com\" target=\"_blank\" rel=\"noreferrer noopener\">ClickView<\/a>, the trusted video platform for over 11,000 schools, one million teachers and seven million students worldwide.<\/p>\n<\/div><\/div>\n","protected":false},"excerpt":{"rendered":"<p>by Vicky Lee, ClickView, Australia. Young people are not simply using social media; they are being used by it. Features such as push notifications, infinite scroll and algorithmically curated feeds are deliberate design choices, engineered to capture and hold users\u2019 attention. Despite this, many classroom resources addressing social media still focus narrowly on cyberbullying or [&hellip;]<\/p>\n","protected":false},"author":5,"featured_media":46464,"comment_status":"closed","ping_status":"closed","sticky":false,"template":"","format":"standard","meta":{"_mo_disable_npp":"","footnotes":""},"categories":[4,272,274],"tags":[],"class_list":["post-46399","post","type-post","status-publish","format-standard","has-post-thumbnail","hentry","category-featured-articles","category-media-literacy","category-primary-secondary-education"],"featured_image_src":"https:\/\/media-and-learning.eu\/files\/2026\/04\/Copy-of-now-available-in-8-languages-3.png","author_info":{"display_name":"Chlo\u00eb P\u00e9t\u00e9","author_link":"https:\/\/media-and-learning.eu\/author\/chloe-pete\/"},"_links":{"self":[{"href":"https:\/\/media-and-learning.eu\/api-json\/wp\/v2\/posts\/46399","targetHints":{"allow":["GET"]}}],"collection":[{"href":"https:\/\/media-and-learning.eu\/api-json\/wp\/v2\/posts"}],"about":[{"href":"https:\/\/media-and-learning.eu\/api-json\/wp\/v2\/types\/post"}],"author":[{"embeddable":true,"href":"https:\/\/media-and-learning.eu\/api-json\/wp\/v2\/users\/5"}],"replies":[{"embeddable":true,"href":"https:\/\/media-and-learning.eu\/api-json\/wp\/v2\/comments?post=46399"}],"version-history":[{"count":6,"href":"https:\/\/media-and-learning.eu\/api-json\/wp\/v2\/posts\/46399\/revisions"}],"predecessor-version":[{"id":46479,"href":"https:\/\/media-and-learning.eu\/api-json\/wp\/v2\/posts\/46399\/revisions\/46479"}],"wp:featuredmedia":[{"embeddable":true,"href":"https:\/\/media-and-learning.eu\/api-json\/wp\/v2\/media\/46464"}],"wp:attachment":[{"href":"https:\/\/media-and-learning.eu\/api-json\/wp\/v2\/media?parent=46399"}],"wp:term":[{"taxonomy":"category","embeddable":true,"href":"https:\/\/media-and-learning.eu\/api-json\/wp\/v2\/categories?post=46399"},{"taxonomy":"post_tag","embeddable":true,"href":"https:\/\/media-and-learning.eu\/api-json\/wp\/v2\/tags?post=46399"}],"curies":[{"name":"wp","href":"https:\/\/api.w.org\/{rel}","templated":true}]}}