{"id":7081,"date":"2020-06-26T11:07:54","date_gmt":"2020-06-26T10:07:54","guid":{"rendered":"https:\/\/media-and-learning.eu\/?p=7081"},"modified":"2020-06-26T11:07:57","modified_gmt":"2020-06-26T10:07:57","slug":"complete-direct-online-and-open-university-of-granadas-mooc-about-lorca","status":"publish","type":"post","link":"https:\/\/media-and-learning.eu\/type\/featured-articles\/complete-direct-online-and-open-university-of-granadas-mooc-about-lorca\/","title":{"rendered":"Complete, direct, online and open &#8211; University of Granada&#8217;s MOOC about Lorca"},"content":{"rendered":"\n<p><em>The finalists&nbsp;in this year&#8217;s MEDEA Awards were announced in May, You can read about them <\/em><a rel=\"noreferrer noopener\" href=\"https:\/\/www.medea-awards.com\/\" target=\"_blank\"><em>here<\/em><\/a><em>, the winner will be announced in October. Each month we are featuring one or more of this year&#8217;s finalists. In this article it is the turn of University of Granada who submitted a MOOC about Federico Garcia Lorca.<\/em> <\/p>\n\n\n\n<p>Our Massive Open Online Course (MOOC) about <a href=\"https:\/\/abierta.ugr.es\/lorca\/index_en.html\" target=\"_blank\" rel=\"noreferrer noopener\" aria-label=\"Federico Garc\u00eda Lorca (opens in a new tab)\">Federico Garc\u00eda Lorca<\/a> is open to anyone  interested in the author\u2019s life and work. One of the specific features of this MOOC is that anybody can participate without any prior expertise or knowledge. In this way, we are trying to transfer knowledge generated in the university to society, part of the mission of higher education institutions. This MOOC is based on an approach to instructional and pedagogical design that has addressed every detail. The main goal of this design has been to foster comprehensive, direct, online and open knowledge. This knowledge is accessible to anyone who is interested in the work of Federico Garcia Lorca but with all the exactitude and quality of a university course.<\/p>\n\n\n\n<p>Despite being a course aimed at a broad public, the hard work of tutoring and engagement is done with the intention of motivating students to complete the course and to collect feedback about their learning experience. Forums and social networks are used for this purpose. These tools enable the sharing of reflections and questions amongst participants, thus leveraging the benefits of a collaborative learning approach inside the virtual community that is created. <\/p>\n\n\n\n<h3 class=\"wp-block-heading\"><strong>Creating the Federico Garcia Lorca<\/strong> MOOC<\/h3>\n\n\n\n<p>The main objective of the MOOC about the writer Federico Garc\u00eda Lorca that we created in the University of Granada was to bring the work of this international artist closer to the attention of the general public and to make it more accessible. With the exception of Cervantes, Garc\u00eda Lorca is the most studied Spanish writer over time. His work covers multiple genres, shapes, topics and artistic practices that show the real dimension of a complete and extraordinary artist. All these aspects were important in the design of this MOOC. <\/p>\n\n\n\n<figure class=\"wp-block-image size-large is-resized\"><img loading=\"lazy\" decoding=\"async\" src=\"https:\/\/media-and-learning.eu\/files\/2020\/06\/image3FGL_CEPRUD-1024x768.jpg\" alt=\"\" class=\"wp-image-7086\" width=\"558\" height=\"419\" srcset=\"https:\/\/media-and-learning.eu\/files\/2020\/06\/image3FGL_CEPRUD-1024x768.jpg 1024w, https:\/\/media-and-learning.eu\/files\/2020\/06\/image3FGL_CEPRUD-300x225.jpg 300w, https:\/\/media-and-learning.eu\/files\/2020\/06\/image3FGL_CEPRUD-768x576.jpg 768w, https:\/\/media-and-learning.eu\/files\/2020\/06\/image3FGL_CEPRUD-1536x1152.jpg 1536w, https:\/\/media-and-learning.eu\/files\/2020\/06\/image3FGL_CEPRUD-2048x1536.jpg 2048w, https:\/\/media-and-learning.eu\/files\/2020\/06\/image3FGL_CEPRUD-370x278.jpg 370w, https:\/\/media-and-learning.eu\/files\/2020\/06\/image3FGL_CEPRUD-270x203.jpg 270w, https:\/\/media-and-learning.eu\/files\/2020\/06\/image3FGL_CEPRUD-570x428.jpg 570w, https:\/\/media-and-learning.eu\/files\/2020\/06\/image3FGL_CEPRUD-740x555.jpg 740w, https:\/\/media-and-learning.eu\/files\/2020\/06\/image3FGL_CEPRUD-80x60.jpg 80w\" sizes=\"auto, (max-width: 558px) 100vw, 558px\" \/><\/figure>\n\n\n\n<p>The main goal of the resources elaborated for this course was to show the general characteristics of the writer\u2019s work and the artistic and cultural period in which he lived in audiovisual language. In this way, anyone interested in this literary movement would be able to understand the key aspects of this period in Spanish literature thanks to the visual and creative capability of the resources that we provided. In keeping with this objective, we developed the different modules of the course through a  meticulous process of documenting audiovisual materials that provided the necessary information, pictures, original work and settings of the writer\u2019s life. <\/p>\n\n\n\n<p>Another remarkable aspect of this course is the design of animations that complement and explain some of the features of the writer\u2019s style. They try to express in a more graphical and visual way the symbolic universe of the poet. Furthermore, the animations were created from illustrations and texts painted by Federico Garc\u00eda Lorca himself.<\/p>\n\n\n\n<p>In summary, the course that we created provides a set of pedagogical resources with rich and meaningful content that speaks directly to the student. For this purpose, the material has been created in a visual, clear and simple way to facilitate students  interested in learning about and understanding the work of Federico Garc\u00eda Lorca. <\/p>\n\n\n\n<figure class=\"wp-block-image size-large\"><img loading=\"lazy\" decoding=\"async\" width=\"1024\" height=\"790\" src=\"https:\/\/media-and-learning.eu\/files\/2020\/06\/rsz_image2fgl_ceprud-1024x790.png\" alt=\"\" class=\"wp-image-7089\" srcset=\"https:\/\/media-and-learning.eu\/files\/2020\/06\/rsz_image2fgl_ceprud-1024x790.png 1024w, https:\/\/media-and-learning.eu\/files\/2020\/06\/rsz_image2fgl_ceprud-300x231.png 300w, https:\/\/media-and-learning.eu\/files\/2020\/06\/rsz_image2fgl_ceprud-768x593.png 768w, https:\/\/media-and-learning.eu\/files\/2020\/06\/rsz_image2fgl_ceprud-370x285.png 370w, https:\/\/media-and-learning.eu\/files\/2020\/06\/rsz_image2fgl_ceprud-270x208.png 270w, https:\/\/media-and-learning.eu\/files\/2020\/06\/rsz_image2fgl_ceprud-570x440.png 570w, https:\/\/media-and-learning.eu\/files\/2020\/06\/rsz_image2fgl_ceprud-740x571.png 740w, https:\/\/media-and-learning.eu\/files\/2020\/06\/rsz_image2fgl_ceprud.png 1431w\" sizes=\"auto, (max-width: 1024px) 100vw, 1024px\" \/><\/figure>\n\n\n\n<h3 class=\"wp-block-heading\">About the creator<\/h3>\n\n\n\n<p>The Multimedia Design and Production Area of the Resource Production Centre for the Digital University (CEPRUD) was created in September 2015. From the very beginning, one of its main objectives has been training, as well as the creation and own production of multimedia materials for face-to-face, blended and online teaching, including those projects that arise from the MOOCs initiative of University of Granada.<\/p>\n\n\n\n<figure class=\"wp-block-image size-large is-resized\"><img loading=\"lazy\" decoding=\"async\" src=\"https:\/\/media-and-learning.eu\/files\/2020\/06\/logo_ceprud-1-1024x303.png\" alt=\"\" class=\"wp-image-7084\" width=\"543\" height=\"160\" srcset=\"https:\/\/media-and-learning.eu\/files\/2020\/06\/logo_ceprud-1-1024x303.png 1024w, https:\/\/media-and-learning.eu\/files\/2020\/06\/logo_ceprud-1-300x89.png 300w, https:\/\/media-and-learning.eu\/files\/2020\/06\/logo_ceprud-1-768x227.png 768w, https:\/\/media-and-learning.eu\/files\/2020\/06\/logo_ceprud-1-1536x455.png 1536w, https:\/\/media-and-learning.eu\/files\/2020\/06\/logo_ceprud-1-2048x606.png 2048w, https:\/\/media-and-learning.eu\/files\/2020\/06\/logo_ceprud-1-370x110.png 370w, https:\/\/media-and-learning.eu\/files\/2020\/06\/logo_ceprud-1-270x80.png 270w, https:\/\/media-and-learning.eu\/files\/2020\/06\/logo_ceprud-1-570x169.png 570w, https:\/\/media-and-learning.eu\/files\/2020\/06\/logo_ceprud-1-740x219.png 740w\" sizes=\"auto, (max-width: 543px) 100vw, 543px\" \/><\/figure>\n\n\n\n<p>The MOOC about Federico Garc\u00eda Lorca has been a great challenge for the area, both in terms of documentation and identification of different materials, as well as in the creation of new images and audiovisual contents that can illustrate the symbolic universe of Lorca. This was a key to understand the writer\u2019s work.<\/p>\n\n\n\n<p>The fusion between audiovisual, graphic design and animation has been essential in this project, as well as the coordinated work between the different people involved. Raquel P\u00e9rez Mart\u00ednez was in charge of the pedagogical part and Emilio Arjona Heredia was responsible for the technical issues (supporting virtual learning environment). They worked closely with  the rest of the team in the Multimedia Design and Production Area: Marisa Garc\u00eda, Ildefonso Cordero, Jara Catalan, Jos\u00e9 A. Bautista and Olga Ruano. Also they had the support of external recording staff, Jos\u00e9 Manuel Domingo and Fulgencio Mart\u00ednez in Lighting.<\/p>\n\n\n\n<div class=\"wp-block-media-text alignwide\" style=\"grid-template-columns:30% auto\"><figure class=\"wp-block-media-text__media\"><img loading=\"lazy\" decoding=\"async\" width=\"533\" height=\"800\" src=\"https:\/\/media-and-learning.eu\/files\/2020\/06\/foto_EncarnaAlonso.jpg\" alt=\"\" class=\"wp-image-7082\" srcset=\"https:\/\/media-and-learning.eu\/files\/2020\/06\/foto_EncarnaAlonso.jpg 533w, https:\/\/media-and-learning.eu\/files\/2020\/06\/foto_EncarnaAlonso-200x300.jpg 200w, https:\/\/media-and-learning.eu\/files\/2020\/06\/foto_EncarnaAlonso-370x555.jpg 370w, https:\/\/media-and-learning.eu\/files\/2020\/06\/foto_EncarnaAlonso-270x405.jpg 270w\" sizes=\"auto, (max-width: 533px) 100vw, 533px\" \/><\/figure><div class=\"wp-block-media-text__content\">\n<p class=\"has-large-font-size\">Author<\/p>\n\n\n\n<p><strong>Encarna Alonso<\/strong><\/p>\n\n\n\n<p>Academic Coordinator, University of Granada, Spain<\/p>\n<\/div><\/div>\n","protected":false},"excerpt":{"rendered":"<p>The finalists&nbsp;in this year&#8217;s MEDEA Awards were announced in May, You can read about them here, the winner will be announced in October. Each month we are featuring one or more of this year&#8217;s finalists. In this article it is the turn of University of Granada who submitted a MOOC about Federico Garcia Lorca. Our [&hellip;]<\/p>\n","protected":false},"author":4,"featured_media":7090,"comment_status":"closed","ping_status":"open","sticky":false,"template":"","format":"standard","meta":{"_mo_disable_npp":"","footnotes":""},"categories":[4,275],"tags":[],"class_list":["post-7081","post","type-post","status-publish","format-standard","has-post-thumbnail","hentry","category-featured-articles","category-higher-education"],"featured_image_src":"https:\/\/media-and-learning.eu\/files\/2020\/06\/moocfedericogl.jpg","author_info":{"display_name":"Dovile Dudenaite","author_link":"https:\/\/media-and-learning.eu\/author\/dovile-dudenaite\/"},"_links":{"self":[{"href":"https:\/\/media-and-learning.eu\/api-json\/wp\/v2\/posts\/7081","targetHints":{"allow":["GET"]}}],"collection":[{"href":"https:\/\/media-and-learning.eu\/api-json\/wp\/v2\/posts"}],"about":[{"href":"https:\/\/media-and-learning.eu\/api-json\/wp\/v2\/types\/post"}],"author":[{"embeddable":true,"href":"https:\/\/media-and-learning.eu\/api-json\/wp\/v2\/users\/4"}],"replies":[{"embeddable":true,"href":"https:\/\/media-and-learning.eu\/api-json\/wp\/v2\/comments?post=7081"}],"version-history":[{"count":24,"href":"https:\/\/media-and-learning.eu\/api-json\/wp\/v2\/posts\/7081\/revisions"}],"predecessor-version":[{"id":7135,"href":"https:\/\/media-and-learning.eu\/api-json\/wp\/v2\/posts\/7081\/revisions\/7135"}],"wp:featuredmedia":[{"embeddable":true,"href":"https:\/\/media-and-learning.eu\/api-json\/wp\/v2\/media\/7090"}],"wp:attachment":[{"href":"https:\/\/media-and-learning.eu\/api-json\/wp\/v2\/media?parent=7081"}],"wp:term":[{"taxonomy":"category","embeddable":true,"href":"https:\/\/media-and-learning.eu\/api-json\/wp\/v2\/categories?post=7081"},{"taxonomy":"post_tag","embeddable":true,"href":"https:\/\/media-and-learning.eu\/api-json\/wp\/v2\/tags?post=7081"}],"curies":[{"name":"wp","href":"https:\/\/api.w.org\/{rel}","templated":true}]}}