{"id":7861,"date":"2020-09-04T16:14:33","date_gmt":"2020-09-04T15:14:33","guid":{"rendered":"https:\/\/media-and-learning.eu\/?p=7861"},"modified":"2020-09-29T09:51:02","modified_gmt":"2020-09-29T07:51:02","slug":"irelands-youngest-filmmakers-take-to-the-red-carpet-each-year-to-receive-awards-for-outstanding-achievement-in-filmmaking","status":"publish","type":"post","link":"https:\/\/media-and-learning.eu\/type\/featured-articles\/irelands-youngest-filmmakers-take-to-the-red-carpet-each-year-to-receive-awards-for-outstanding-achievement-in-filmmaking\/","title":{"rendered":"Ireland\u2019s youngest filmmakers take to the \u2018red carpet\u2019 each year"},"content":{"rendered":"\n<p> <em>The finalists&nbsp;of this year&#8217;s MEDEA Awards were announced in May, you can read about them <\/em><a rel=\"noreferrer noopener\" href=\"https:\/\/www.medea-awards.com\/\" target=\"_blank\"><em>here<\/em><\/a><em>, The winner will be announced in October. Each month we are featuring one or more of this year&#8217;s finalists. In this article, it is the turn of F\u00cdS Film Project submitted by Institute of Art, Design &amp; Technology, Ireland . <\/em><\/p>\n\n\n\n<p>The F\u00cdS Film Awards Ceremony is a highly successful outcome of the <a href=\"https:\/\/fisfilmproject.ie\/teacher-resources\/\" data-type=\"URL\" data-id=\"https:\/\/fisfilmproject.ie\/teacher-resources\/\" target=\"_blank\" rel=\"noreferrer noopener\">F\u00cdS Film Project<\/a>. The annual awards seek to celebrate creativity, imagination, originality and special techniques such as animation or special effects. Following a competitive process schools from across Ireland whose films have been shortlisted attend a red carpet event at the Helix Theatre, Dublin.<\/p>\n\n\n\n<figure class=\"wp-block-image size-large\"><img loading=\"lazy\" decoding=\"async\" width=\"1024\" height=\"683\" src=\"https:\/\/media-and-learning.eu\/files\/2020\/09\/fis1a-1024x683.jpg\" alt=\"\" class=\"wp-image-7863\" srcset=\"https:\/\/media-and-learning.eu\/files\/2020\/09\/fis1a-1024x683.jpg 1024w, https:\/\/media-and-learning.eu\/files\/2020\/09\/fis1a-300x200.jpg 300w, https:\/\/media-and-learning.eu\/files\/2020\/09\/fis1a-768x512.jpg 768w, https:\/\/media-and-learning.eu\/files\/2020\/09\/fis1a-370x247.jpg 370w, https:\/\/media-and-learning.eu\/files\/2020\/09\/fis1a-270x180.jpg 270w, https:\/\/media-and-learning.eu\/files\/2020\/09\/fis1a-570x380.jpg 570w, https:\/\/media-and-learning.eu\/files\/2020\/09\/fis1a-740x493.jpg 740w, https:\/\/media-and-learning.eu\/files\/2020\/09\/fis1a.jpg 1200w\" sizes=\"auto, (max-width: 1024px) 100vw, 1024px\" \/><figcaption>L-R: Ciara O\u2019Donnell, National Director, PDST, Sinead Kenned (Awards MC) &amp; RT\u00c9 broadcaster &amp; R\u00f3n\u00e1n \u00d3 Muirthile, Head of Faculty, Film, Art &amp; Creative Technologies, IADT<\/figcaption><\/figure>\n\n\n\n<p>Organised jointly by the project partners the large-scale event is the culmination of several months of planning and preparation. Shortlisted films go into post-production in September each year when an IADT, National Film School (NFS) 4<sup>th<\/sup> year film undergrad, majoring in editing, is selected to be the editor for the awards. She or he will produce VT inserts using clips of the children\u2019s films for the awards announcements, create a montage for communication purposes and edit the entire ceremony to produce a broadcast quality final edit and a short highlights reel for post-award use.<\/p>\n\n\n\n<figure class=\"wp-block-image size-large\"><img loading=\"lazy\" decoding=\"async\" width=\"1024\" height=\"683\" src=\"https:\/\/media-and-learning.eu\/files\/2020\/09\/fis-2a-1024x683.jpg\" alt=\"\" class=\"wp-image-7864\" srcset=\"https:\/\/media-and-learning.eu\/files\/2020\/09\/fis-2a-1024x683.jpg 1024w, https:\/\/media-and-learning.eu\/files\/2020\/09\/fis-2a-300x200.jpg 300w, https:\/\/media-and-learning.eu\/files\/2020\/09\/fis-2a-768x512.jpg 768w, https:\/\/media-and-learning.eu\/files\/2020\/09\/fis-2a-370x247.jpg 370w, https:\/\/media-and-learning.eu\/files\/2020\/09\/fis-2a-270x180.jpg 270w, https:\/\/media-and-learning.eu\/files\/2020\/09\/fis-2a-570x380.jpg 570w, https:\/\/media-and-learning.eu\/files\/2020\/09\/fis-2a-740x493.jpg 740w, https:\/\/media-and-learning.eu\/files\/2020\/09\/fis-2a.jpg 1200w\" sizes=\"auto, (max-width: 1024px) 100vw, 1024px\" \/><\/figure>\n\n\n\n<p>The ceremony also provides an\nindustry relevant practical experience for the NFS MA in Broadcast Production\nfor Radio &amp; TV students who are responsible for the broadcasting and\nfilming of the award ceremony which is streamed live via F\u00cdS Film Project&nbsp;website\ncourtesy of the National Education &amp; Research network, HEAnet. It\u2019s a unique event that brings first and third\nlevel together.<\/p>\n\n\n\n<p>As F\u00cdS is a nationwide project, schools from all over the country attend the event, often travelling from the break of dawn to this exciting cinematic event. The atmosphere is electric and the 900+ attendees certainly make their presence felt in the Helix Theatre! Over the years the prestigious event has attracted distinguished guests such as, Presidents of Ireland, Ministers of Education &amp; Skills, Screen Ireland (Irish film board) Chair and the Secretary General of the Irelands Dept. of Education &amp; Skills amongst others.<\/p>\n\n\n\n<figure class=\"wp-block-image size-large\"><img loading=\"lazy\" decoding=\"async\" width=\"976\" height=\"706\" src=\"https:\/\/media-and-learning.eu\/files\/2020\/09\/fis-3.png\" alt=\"\" class=\"wp-image-7865\" srcset=\"https:\/\/media-and-learning.eu\/files\/2020\/09\/fis-3.png 976w, https:\/\/media-and-learning.eu\/files\/2020\/09\/fis-3-300x217.png 300w, https:\/\/media-and-learning.eu\/files\/2020\/09\/fis-3-768x556.png 768w, https:\/\/media-and-learning.eu\/files\/2020\/09\/fis-3-370x268.png 370w, https:\/\/media-and-learning.eu\/files\/2020\/09\/fis-3-270x195.png 270w, https:\/\/media-and-learning.eu\/files\/2020\/09\/fis-3-570x412.png 570w, https:\/\/media-and-learning.eu\/files\/2020\/09\/fis-3-740x535.png 740w\" sizes=\"auto, (max-width: 976px) 100vw, 976px\" \/><figcaption>Guest of Honour, President of Ireland Michael D. Higgins celebrating with award winning children at the F\u00cdS Film Awards..<\/figcaption><\/figure>\n\n\n\n<p>Awards are presented for outstanding achievement in filmmaking in categories such as: Acting, Production Design, Animation, Direction, Costume, Cinematography, Special Effects, Adaptation, Storytelling, Best Newcomer, Best Junior and others. With special awards being made for curriculum relevant films in wellbeing, history, geography and science subject areas for example. <\/p>\n\n\n\n<figure class=\"wp-block-image size-large\"><img loading=\"lazy\" decoding=\"async\" width=\"1024\" height=\"600\" src=\"https:\/\/media-and-learning.eu\/files\/2020\/09\/fis4a-1024x600.png\" alt=\"\" class=\"wp-image-7866\" srcset=\"https:\/\/media-and-learning.eu\/files\/2020\/09\/fis4a-1024x600.png 1024w, https:\/\/media-and-learning.eu\/files\/2020\/09\/fis4a-300x176.png 300w, https:\/\/media-and-learning.eu\/files\/2020\/09\/fis4a-768x450.png 768w, https:\/\/media-and-learning.eu\/files\/2020\/09\/fis4a-370x217.png 370w, https:\/\/media-and-learning.eu\/files\/2020\/09\/fis4a-270x158.png 270w, https:\/\/media-and-learning.eu\/files\/2020\/09\/fis4a-570x334.png 570w, https:\/\/media-and-learning.eu\/files\/2020\/09\/fis4a-740x434.png 740w, https:\/\/media-and-learning.eu\/files\/2020\/09\/fis4a.png 1200w\" sizes=\"auto, (max-width: 1024px) 100vw, 1024px\" \/><figcaption>Film of the Year award winners 2019 from Dublin\u2019s inner city Gardiner Street Primary School<\/figcaption><\/figure>\n\n\n\n<p>In a growing technology-based world, primary school children are given the opportunity to prepare well for the future, to have their voice heard as they learn and understand how to create content rather than simply being passive consumers of it. The event is a fantastic way to acknowledge the hard work by pupils and teachers to create films that entertain, engage, challenge, inform, that make us laugh, cry and wonder! We hope involvement in the F\u00cdS Film project and the annual awards ceremony inspires young people to consider a future in media!<\/p>\n\n\n\n<div class=\"wp-block-media-text alignwide\" style=\"grid-template-columns:21% auto\"><figure class=\"wp-block-media-text__media\"><img loading=\"lazy\" decoding=\"async\" width=\"150\" height=\"210\" src=\"https:\/\/media-and-learning.eu\/files\/2020\/09\/image0.jpeg\" alt=\"\" class=\"wp-image-7883\"\/><\/figure><div class=\"wp-block-media-text__content\">\n<p class=\"has-normal-font-size\">Author<\/p>\n\n\n\n<p><strong>Bernadette Meagher<a href=\"mailto:Bernadette.Meagher@iadt.ie\">,<\/a><\/strong><\/p>\n\n\n\n<p>IADT, Ireland<\/p>\n<\/div><\/div>\n","protected":false},"excerpt":{"rendered":"<p>The finalists&nbsp;of this year&#8217;s MEDEA Awards were announced in May, you can read about them here, The winner will be announced in October. Each month we are featuring one or more of this year&#8217;s finalists. In this article, it is the turn of F\u00cdS Film Project submitted by Institute of Art, Design &amp; Technology, Ireland [&hellip;]<\/p>\n","protected":false},"author":2,"featured_media":7863,"comment_status":"closed","ping_status":"open","sticky":false,"template":"","format":"standard","meta":{"_mo_disable_npp":"","footnotes":""},"categories":[4,274],"tags":[],"class_list":["post-7861","post","type-post","status-publish","format-standard","has-post-thumbnail","hentry","category-featured-articles","category-primary-secondary-education"],"featured_image_src":"https:\/\/media-and-learning.eu\/files\/2020\/09\/fis1a.jpg","author_info":{"display_name":"Sally Reynolds","author_link":"https:\/\/media-and-learning.eu\/author\/sally-reynolds\/"},"_links":{"self":[{"href":"https:\/\/media-and-learning.eu\/api-json\/wp\/v2\/posts\/7861","targetHints":{"allow":["GET"]}}],"collection":[{"href":"https:\/\/media-and-learning.eu\/api-json\/wp\/v2\/posts"}],"about":[{"href":"https:\/\/media-and-learning.eu\/api-json\/wp\/v2\/types\/post"}],"author":[{"embeddable":true,"href":"https:\/\/media-and-learning.eu\/api-json\/wp\/v2\/users\/2"}],"replies":[{"embeddable":true,"href":"https:\/\/media-and-learning.eu\/api-json\/wp\/v2\/comments?post=7861"}],"version-history":[{"count":21,"href":"https:\/\/media-and-learning.eu\/api-json\/wp\/v2\/posts\/7861\/revisions"}],"predecessor-version":[{"id":8087,"href":"https:\/\/media-and-learning.eu\/api-json\/wp\/v2\/posts\/7861\/revisions\/8087"}],"wp:featuredmedia":[{"embeddable":true,"href":"https:\/\/media-and-learning.eu\/api-json\/wp\/v2\/media\/7863"}],"wp:attachment":[{"href":"https:\/\/media-and-learning.eu\/api-json\/wp\/v2\/media?parent=7861"}],"wp:term":[{"taxonomy":"category","embeddable":true,"href":"https:\/\/media-and-learning.eu\/api-json\/wp\/v2\/categories?post=7861"},{"taxonomy":"post_tag","embeddable":true,"href":"https:\/\/media-and-learning.eu\/api-json\/wp\/v2\/tags?post=7861"}],"curies":[{"name":"wp","href":"https:\/\/api.w.org\/{rel}","templated":true}]}}